{"id":8560,"date":"2012-04-12T00:33:20","date_gmt":"2012-04-12T05:33:20","guid":{"rendered":"http:\/\/www.imsalud.gov.co\/web\/gerente-de-la-e-s-e-imsalud-da-a-conocer-las-actividades-a-realizar\/"},"modified":"2012-04-12T00:33:20","modified_gmt":"2012-04-12T05:33:20","slug":"gerente-de-la-e-s-e-imsalud-da-a-conocer-las-actividades-a-realizar","status":"publish","type":"post","link":"https:\/\/www.imsalud.gov.co\/web\/sala-de-prensa\/ultimas-noticias\/gerente-de-la-e-s-e-imsalud-da-a-conocer-las-actividades-a-realizar\/","title":{"rendered":"Gerente de la E.S.E. Imsalud  da  a conocer las actividades a realizar"},"content":{"rendered":"<p style=\"text-align: justify;\"><img loading=\"lazy\" decoding=\"async\" class=\" alignleft size-full wp-image-8559\" style=\"float: left;\" src=\"http:\/\/www.imsalud.gov.co\/web\/wp-content\/uploads\/2012\/04\/HERNANDOJOSEMORA.JPG\" height=\"82\" width=\"92\" \/><strong><em> <\/em><\/strong>Hernando Jos\u00e9 Mora M\u00e9dico Epidemi\u00f3logo elegido con el 89.6% como el nuevo gerente de la empresa social del estado Imsalud dio conocer a la opini\u00f3n p\u00fablica algunas de las actividades a realizar en su administraci\u00f3n.&nbsp; Entre las diversas actividades que desarrollar\u00e1 como&nbsp; jefe de la entidad estar\u00e1n Incrementar las ambulancias de la Ese Imsalud gestion\u00e1ndolas en conjunto con el Ministerio de Salud, trabajar con la poblaci\u00f3n discapacitada, reunirse con los Coordinadores y Administradores de las Unidades B\u00e1sicas e I.P.S. a calificar y establecer nuevas estrategias para un excelente servicio en salud y reevaluar la atenci\u00f3n al p\u00fablico tras haber notado ciertos inconvenientes en cuanto a la prestaci\u00f3n de servicios&nbsp; en algunas de las Ips a las que visit\u00f3 de forma informal durante algunos d\u00edas de la semana&nbsp; santa, son algunas de las actividades que emprender\u00e1 una vez culmine la etapa de empalme.<\/p>\n<p style=\"text-align: justify;\">\u00a0<\/p>\n<p> <!--more--> <\/p>\n<p>\u00a0<\/p>\n<p style=\"text-align: justify;\">\u201cReconozco la parte social y humana del Alcalde Donamaris Ram\u00edrez trabajaremos en equipo, voy a fortalecer los programas que Imsalud viene&nbsp; realizando.\u201d Precis\u00f3 el Dr. Hernando Mora.<\/p>\n<p> <img loading=\"lazy\" decoding=\"async\" class=\" alignleft size-full wp-image-8559\" style=\"float: left;\" src=\"http:\/\/www.imsalud.gov.co\/web\/wp-content\/uploads\/2012\/04\/HERNANDOJOSEMORA.JPG\" height=\"118\" width=\"128\" \/><br \/>Entre otras cosas el gerente de la&nbsp; entidad indic\u00f3&nbsp; que va a invitar al alcalde Donamaris Ram\u00edrez-Paris&nbsp; a iniciar un recorrido por las diferentes Ips&nbsp; de la Ese para hacer un estudio de cada una de las necesidades que en estas se presenten;&nbsp; as\u00ed mismo anuncio que va a presentar ante el concejo de planeaci\u00f3n municipal un proyecto para el fortalecimiento de las diferentes Ips de Imsalud. <\/p>\n<p>\u00a0<\/p>\n<p>\u201cEs muy importante&nbsp; que las EPS del r\u00e9gimen subsidiado y del r\u00e9gimen contributivo contraten con la red del estado y que realicen oportunamente&nbsp; los pagos\u201d&nbsp; resalt\u00f3 Mora.<\/p>\n<p>Inform\u00f3:&nbsp; Linda Rozo Soto. Jefe de Prensa ESE IMSALUD.<\/p>\n","protected":false},"excerpt":{"rendered":"<p>Hernando Jos\u00e9 Mora M\u00e9dico Epidemi\u00f3logo elegido con el 89.6% como el nuevo gerente de la empresa social del estado Imsalud dio conocer a la opini\u00f3n p\u00fablica algunas de las actividades [&#8230;]\n","protected":false},"author":19,"featured_media":8559,"comment_status":"open","ping_status":"open","sticky":false,"template":"","format":"standard","meta":{"footnotes":""},"categories":[74],"tags":[],"class_list":["post-8560","post","type-post","status-publish","format-standard","has-post-thumbnail","hentry","category-ultimas-noticias"],"_links":{"self":[{"href":"https:\/\/www.imsalud.gov.co\/web\/wp-json\/wp\/v2\/posts\/8560","targetHints":{"allow":["GET"]}}],"collection":[{"href":"https:\/\/www.imsalud.gov.co\/web\/wp-json\/wp\/v2\/posts"}],"about":[{"href":"https:\/\/www.imsalud.gov.co\/web\/wp-json\/wp\/v2\/types\/post"}],"author":[{"embeddable":true,"href":"https:\/\/www.imsalud.gov.co\/web\/wp-json\/wp\/v2\/users\/19"}],"replies":[{"embeddable":true,"href":"https:\/\/www.imsalud.gov.co\/web\/wp-json\/wp\/v2\/comments?post=8560"}],"version-history":[{"count":0,"href":"https:\/\/www.imsalud.gov.co\/web\/wp-json\/wp\/v2\/posts\/8560\/revisions"}],"wp:featuredmedia":[{"embeddable":true,"href":"https:\/\/www.imsalud.gov.co\/web\/wp-json\/wp\/v2\/media\/8559"}],"wp:attachment":[{"href":"https:\/\/www.imsalud.gov.co\/web\/wp-json\/wp\/v2\/media?parent=8560"}],"wp:term":[{"taxonomy":"category","embeddable":true,"href":"https:\/\/www.imsalud.gov.co\/web\/wp-json\/wp\/v2\/categories?post=8560"},{"taxonomy":"post_tag","embeddable":true,"href":"https:\/\/www.imsalud.gov.co\/web\/wp-json\/wp\/v2\/tags?post=8560"}],"curies":[{"name":"wp","href":"https:\/\/api.w.org\/{rel}","templated":true}]}}