{"id":8547,"date":"2013-06-07T16:07:11","date_gmt":"2013-06-07T21:07:11","guid":{"rendered":"http:\/\/www.imsalud.gov.co\/web\/imsalud-apoya-a-la-fundacion-oasis\/"},"modified":"2013-06-07T16:07:11","modified_gmt":"2013-06-07T21:07:11","slug":"imsalud-apoya-a-la-fundacion-oasis","status":"publish","type":"post","link":"https:\/\/www.imsalud.gov.co\/web\/sala-de-prensa\/ultimas-noticias\/imsalud-apoya-a-la-fundacion-oasis\/","title":{"rendered":"IMSALUD APOYA A LA FUNDACION OASIS"},"content":{"rendered":"<p style=\"text-align: justify;\"><img loading=\"lazy\" decoding=\"async\" class=\" size-full wp-image-8545\" src=\"http:\/\/www.imsalud.gov.co\/web\/wp-content\/uploads\/2013\/06\/HNI_0026.JPG\" border=\"0\" width=\"231\" height=\"213\" \/>La ESE Imsalud trabajando por el bienestar de la comunidad, busca a trav\u00e9s de los promotores en las diferentes zonas de la ciudad a aquella poblaci\u00f3n vulnerable que por diferentes circunstancias permanecen alejados y no han recibido la atenci\u00f3n m\u00e9dica a la cual tienen derecho.<\/p>\n<p style=\"text-align: justify;\"> <!--more--> <\/p>\n<p style=\"text-align: justify;\"><span style=\"text-align: justify;\">La ESE Imsalud trabajando por el bienestar de la comunidad, busca a trav\u00e9s de los promotores en las diferentes zonas de la ciudad a aquella poblaci\u00f3n vulnerable que por diferentes circunstancias permanecen alejados y no han recibido la atenci\u00f3n m\u00e9dica a la cual tienen derecho.<\/span><\/p>\n<p style=\"text-align: center;\"><span style=\"text-align: justify;\"><img loading=\"lazy\" decoding=\"async\" class=\" size-full wp-image-8546\" src=\"http:\/\/www.imsalud.gov.co\/web\/wp-content\/uploads\/2013\/06\/HNI_0033.JPG\" border=\"0\" width=\"236\" height=\"225\" \/><br \/><\/span><\/p>\n<p style=\"text-align: justify;\">El personal de Imsalud visit\u00f3 la fundaci\u00f3n OASIS en la cual brindan cuidados a ni\u00f1os con VIH, en donde la unidad m\u00f3vil y el equipo extramural ubico a los menores de edad canaliz\u00e1ndolos\u00a0 a los programas de control de crecimiento y desarrollo, tamizaje visual, salud bucal,\u00a0 entre otros; esta atenci\u00f3n fue realizada en la unidad b\u00e1sica de comuneros hasta donde se transportaron\u00a0\u00a0 los ni\u00f1os para que recibieran la atenci\u00f3n, manifest\u00f3 Hernando Mora Gonz\u00e1lez, gerente de Imsalud.<\/p>\n<p style=\"text-align: justify;\">\u201cQueremos seguir brindando el apoyo incondicional y seguiremos atentos con los controles de esta poblaci\u00f3n\u201d coordinadora unidad m\u00f3vil Ese Imsalud.<\/p>\n","protected":false},"excerpt":{"rendered":"<p>La ESE Imsalud trabajando por el bienestar de la comunidad, busca a trav\u00e9s de los promotores en las diferentes zonas de la ciudad a aquella poblaci\u00f3n vulnerable que por diferentes [&#8230;]\n","protected":false},"author":19,"featured_media":8545,"comment_status":"open","ping_status":"open","sticky":false,"template":"","format":"standard","meta":{"footnotes":""},"categories":[74],"tags":[],"class_list":["post-8547","post","type-post","status-publish","format-standard","has-post-thumbnail","hentry","category-ultimas-noticias"],"_links":{"self":[{"href":"https:\/\/www.imsalud.gov.co\/web\/wp-json\/wp\/v2\/posts\/8547","targetHints":{"allow":["GET"]}}],"collection":[{"href":"https:\/\/www.imsalud.gov.co\/web\/wp-json\/wp\/v2\/posts"}],"about":[{"href":"https:\/\/www.imsalud.gov.co\/web\/wp-json\/wp\/v2\/types\/post"}],"author":[{"embeddable":true,"href":"https:\/\/www.imsalud.gov.co\/web\/wp-json\/wp\/v2\/users\/19"}],"replies":[{"embeddable":true,"href":"https:\/\/www.imsalud.gov.co\/web\/wp-json\/wp\/v2\/comments?post=8547"}],"version-history":[{"count":0,"href":"https:\/\/www.imsalud.gov.co\/web\/wp-json\/wp\/v2\/posts\/8547\/revisions"}],"wp:featuredmedia":[{"embeddable":true,"href":"https:\/\/www.imsalud.gov.co\/web\/wp-json\/wp\/v2\/media\/8545"}],"wp:attachment":[{"href":"https:\/\/www.imsalud.gov.co\/web\/wp-json\/wp\/v2\/media?parent=8547"}],"wp:term":[{"taxonomy":"category","embeddable":true,"href":"https:\/\/www.imsalud.gov.co\/web\/wp-json\/wp\/v2\/categories?post=8547"},{"taxonomy":"post_tag","embeddable":true,"href":"https:\/\/www.imsalud.gov.co\/web\/wp-json\/wp\/v2\/tags?post=8547"}],"curies":[{"name":"wp","href":"https:\/\/api.w.org\/{rel}","templated":true}]}}