{"id":8544,"date":"2013-05-20T23:07:53","date_gmt":"2013-05-21T04:07:53","guid":{"rendered":"http:\/\/www.imsalud.gov.co\/web\/imsalud-atendio-oportunamente-a-ninos-por-intoxicacion-alimentaria\/"},"modified":"2013-05-20T23:07:53","modified_gmt":"2013-05-21T04:07:53","slug":"imsalud-atendio-oportunamente-a-ninos-por-intoxicacion-alimentaria","status":"publish","type":"post","link":"https:\/\/www.imsalud.gov.co\/web\/sala-de-prensa\/ultimas-noticias\/imsalud-atendio-oportunamente-a-ninos-por-intoxicacion-alimentaria\/","title":{"rendered":"Imsalud Atendi\u00f3 Oportunamente  A Ni\u00f1os Por Intoxicaci\u00f3n Alimentaria"},"content":{"rendered":"<p style=\"text-align: justify;\"><img loading=\"lazy\" decoding=\"async\" class=\" alignleft size-full wp-image-8542\" style=\"margin: 5px; float: left;\" alt=\"IMG 2572\" src=\"http:\/\/www.imsalud.gov.co\/web\/wp-content\/uploads\/2013\/05\/IMG_2572.JPG\" height=\"209\" width=\"273\" srcset=\"https:\/\/www.imsalud.gov.co\/web\/wp-content\/uploads\/2013\/05\/IMG_2572.JPG 439w, https:\/\/www.imsalud.gov.co\/web\/wp-content\/uploads\/2013\/05\/IMG_2572-300x230.jpg 300w\" sizes=\"auto, (max-width: 273px) 100vw, 273px\" \/>A la Unidad B\u00e1sica de&nbsp;Comuneros y al Policl\u00ednico de&nbsp; Juan&nbsp;Atalaya acudieron los padres de familia junto con los 40&nbsp; ni\u00f1os de un jard\u00edn quienes sufrieron intoxicaci\u00f3n&nbsp;por alimentos.<\/p>\n<p style=\"text-align: justify;\">La&nbsp; emergencia se present\u00f3 luego de que los ni\u00f1os que&nbsp; estudian en el centro infantil juventudes unidas&nbsp; tomaron su media ma\u00f1ana&nbsp; por grupos&nbsp; tal como lo hacen&nbsp; los 180 infantes a diario.<\/p>\n<p> <!--more--> <\/p>\n<p style=\"text-align: center;\"><img loading=\"lazy\" decoding=\"async\" class=\" size-full wp-image-8543\" alt=\"IMG 2556\" src=\"http:\/\/www.imsalud.gov.co\/web\/wp-content\/uploads\/2013\/05\/IMG_2556.JPG\" height=\"352\" width=\"464\" srcset=\"https:\/\/www.imsalud.gov.co\/web\/wp-content\/uploads\/2013\/05\/IMG_2556.JPG 464w, https:\/\/www.imsalud.gov.co\/web\/wp-content\/uploads\/2013\/05\/IMG_2556-300x228.jpg 300w\" sizes=\"auto, (max-width: 464px) 100vw, 464px\" \/><\/p>\n<p style=\"text-align: justify;\">A la unidad b\u00e1sica de&nbsp;Comuneros y al Policl\u00ednico de&nbsp;Juan Atalaya acudieron los padres de familia junto con los 40&nbsp;ni\u00f1os de un jard\u00edn quienes sufrieron intoxicaci\u00f3n&nbsp;por alimentos.<\/p>\n<p style=\"text-align: justify;\">La&nbsp; emergencia se present\u00f3 luego de que los ni\u00f1os que&nbsp; estudian en el centro infantil juventudes unidas&nbsp; tomaron su media ma\u00f1ana&nbsp; por grupos&nbsp; tal como lo hacen&nbsp;los 180 infantes a diario.<\/p>\n<p style=\"text-align: justify;\">Al momento de tomar el almuerzo que era&nbsp;Arroz, pollo a&nbsp; la plancha, rodajas de pepino y jugo los cuales son preparados all\u00ed mismo;&nbsp; algunos ni\u00f1os empezaron a&nbsp; tener s\u00edntomas de intoxicaci\u00f3n lo cual alerto a&nbsp;los docentes quienes inmediatamente suspendieron el&nbsp; suministro de los alimentos&nbsp; y acudieron&nbsp;a las IPS de la red de Imsalud.<\/p>\n<p style=\"text-align: justify;\">Los ni\u00f1os entre 3 y 5 a\u00f1os&nbsp; presentaron v\u00f3mito y algunos diarrea&nbsp; poco tiempo despu\u00e9s de que&nbsp; comieron la&nbsp; media ma\u00f1ana&nbsp; la cual era&nbsp; arepa con queso, papaya y agua de panela, seis profesoras tambi\u00e9n presentaron la misma sintomatolog\u00eda indico Hernando Mora Gonzales, Gerente de la Ese Imsalud.<\/p>\n<p style=\"text-align: justify;\">En el centro infantil estudian 180 ni\u00f1os de los cuales solo se presentaron 40 casos de intoxicaci\u00f3n por alimentos teniendo en cuenta que los&nbsp; otros&nbsp; grupos de infantes no comieron queso y la papaya.<\/p>\n<p style=\"text-align: justify;\">En el jard\u00edn Los&nbsp; padres de familia&nbsp; estuvieron&nbsp; acompa\u00f1ando a los infantes quienes&nbsp; fueron atendidos inmediatamente tras conocerse los casos, en las pr\u00f3ximas horas ser\u00e1n dados de alta, algunos est\u00e1n en observaci\u00f3n puesto que no se les ha logrado controlar el v\u00f3mito, manifest\u00f3 Mora Gonz\u00e1lez.<\/p>\n","protected":false},"excerpt":{"rendered":"<p>A la Unidad B\u00e1sica de&nbsp;Comuneros y al Policl\u00ednico de&nbsp; Juan&nbsp;Atalaya acudieron los padres de familia junto con los 40&nbsp; ni\u00f1os de un jard\u00edn quienes sufrieron intoxicaci\u00f3n&nbsp;por alimentos. La&nbsp; emergencia se [&#8230;]\n","protected":false},"author":19,"featured_media":8542,"comment_status":"open","ping_status":"open","sticky":false,"template":"","format":"standard","meta":{"footnotes":""},"categories":[74],"tags":[],"class_list":["post-8544","post","type-post","status-publish","format-standard","has-post-thumbnail","hentry","category-ultimas-noticias"],"_links":{"self":[{"href":"https:\/\/www.imsalud.gov.co\/web\/wp-json\/wp\/v2\/posts\/8544","targetHints":{"allow":["GET"]}}],"collection":[{"href":"https:\/\/www.imsalud.gov.co\/web\/wp-json\/wp\/v2\/posts"}],"about":[{"href":"https:\/\/www.imsalud.gov.co\/web\/wp-json\/wp\/v2\/types\/post"}],"author":[{"embeddable":true,"href":"https:\/\/www.imsalud.gov.co\/web\/wp-json\/wp\/v2\/users\/19"}],"replies":[{"embeddable":true,"href":"https:\/\/www.imsalud.gov.co\/web\/wp-json\/wp\/v2\/comments?post=8544"}],"version-history":[{"count":0,"href":"https:\/\/www.imsalud.gov.co\/web\/wp-json\/wp\/v2\/posts\/8544\/revisions"}],"wp:featuredmedia":[{"embeddable":true,"href":"https:\/\/www.imsalud.gov.co\/web\/wp-json\/wp\/v2\/media\/8542"}],"wp:attachment":[{"href":"https:\/\/www.imsalud.gov.co\/web\/wp-json\/wp\/v2\/media?parent=8544"}],"wp:term":[{"taxonomy":"category","embeddable":true,"href":"https:\/\/www.imsalud.gov.co\/web\/wp-json\/wp\/v2\/categories?post=8544"},{"taxonomy":"post_tag","embeddable":true,"href":"https:\/\/www.imsalud.gov.co\/web\/wp-json\/wp\/v2\/tags?post=8544"}],"curies":[{"name":"wp","href":"https:\/\/api.w.org\/{rel}","templated":true}]}}