{"id":8492,"date":"2013-07-25T20:59:00","date_gmt":"2013-07-26T01:59:00","guid":{"rendered":"http:\/\/www.imsalud.gov.co\/web\/inicia-el-proceso-de-seleccion-mayor-cuantia-no-09-en-la-ese-imsalud\/"},"modified":"2013-07-25T20:59:00","modified_gmt":"2013-07-26T01:59:00","slug":"inicia-el-proceso-de-seleccion-mayor-cuantia-no-09-en-la-ese-imsalud","status":"publish","type":"post","link":"https:\/\/www.imsalud.gov.co\/web\/sala-de-prensa\/ultimas-noticias\/inicia-el-proceso-de-seleccion-mayor-cuantia-no-09-en-la-ese-imsalud\/","title":{"rendered":"INICIA EL PROCESO DE SELECCI\u00d3N MAYOR CUANTIA No 09 EN LA ESE IMSALUD"},"content":{"rendered":"<p><img loading=\"lazy\" decoding=\"async\" class=\" alignleft size-full wp-image-8491\" style=\"margin: 5px; float: left;\" alt=\"\" src=\"http:\/\/www.imsalud.gov.co\/web\/wp-content\/uploads\/2013\/07\/hsd.jpg\" height=\"177\" width=\"237\" \/>la oficina de Servicios Generales de la ESE IMSALUD se reunieron &nbsp;Ludix Pallares Navarro, Sub Gerente Administrativa y Financiera, William Vesga Jaimes, Sub Gerente Atenci\u00f3n en Salud, Luis Eduardo Quintero, Asesor Jur\u00eddico Externo, Olga Mar\u00eda Figueroa Blanco, Jefe Servicios Generales, con el fin de dar apertura a los sobres dentro del proceso de mayor cuant\u00eda No. 09 de 2013, cuyo objeto es &nbsp;la compra de medicamentos para los usuarios de urgencias de las diferentes unidades b\u00e1sicas e ips para &nbsp;la poblaci\u00f3n pobre no asegurada victima por desplazamiento (ley 1448) de la red prestadora de servicio de salud de la ESE IMSALUD.<\/p>\n","protected":false},"excerpt":{"rendered":"<p>la oficina de Servicios Generales de la ESE IMSALUD se reunieron &nbsp;Ludix Pallares Navarro, Sub Gerente Administrativa y Financiera, William Vesga Jaimes, Sub Gerente Atenci\u00f3n en Salud, Luis Eduardo Quintero, [&#8230;]\n","protected":false},"author":19,"featured_media":8491,"comment_status":"open","ping_status":"open","sticky":false,"template":"","format":"standard","meta":{"footnotes":""},"categories":[74],"tags":[],"class_list":["post-8492","post","type-post","status-publish","format-standard","has-post-thumbnail","hentry","category-ultimas-noticias"],"_links":{"self":[{"href":"https:\/\/www.imsalud.gov.co\/web\/wp-json\/wp\/v2\/posts\/8492","targetHints":{"allow":["GET"]}}],"collection":[{"href":"https:\/\/www.imsalud.gov.co\/web\/wp-json\/wp\/v2\/posts"}],"about":[{"href":"https:\/\/www.imsalud.gov.co\/web\/wp-json\/wp\/v2\/types\/post"}],"author":[{"embeddable":true,"href":"https:\/\/www.imsalud.gov.co\/web\/wp-json\/wp\/v2\/users\/19"}],"replies":[{"embeddable":true,"href":"https:\/\/www.imsalud.gov.co\/web\/wp-json\/wp\/v2\/comments?post=8492"}],"version-history":[{"count":0,"href":"https:\/\/www.imsalud.gov.co\/web\/wp-json\/wp\/v2\/posts\/8492\/revisions"}],"wp:featuredmedia":[{"embeddable":true,"href":"https:\/\/www.imsalud.gov.co\/web\/wp-json\/wp\/v2\/media\/8491"}],"wp:attachment":[{"href":"https:\/\/www.imsalud.gov.co\/web\/wp-json\/wp\/v2\/media?parent=8492"}],"wp:term":[{"taxonomy":"category","embeddable":true,"href":"https:\/\/www.imsalud.gov.co\/web\/wp-json\/wp\/v2\/categories?post=8492"},{"taxonomy":"post_tag","embeddable":true,"href":"https:\/\/www.imsalud.gov.co\/web\/wp-json\/wp\/v2\/tags?post=8492"}],"curies":[{"name":"wp","href":"https:\/\/api.w.org\/{rel}","templated":true}]}}