{"id":8482,"date":"2013-05-24T22:02:51","date_gmt":"2013-05-25T03:02:51","guid":{"rendered":"http:\/\/www.imsalud.gov.co\/web\/ips-de-la-ese-imsalud-vacunan-contra-la-influenza-a-ninos-y-adultos-segun-lineamientos-del-ministerio-de-salud\/"},"modified":"2020-09-29T09:13:43","modified_gmt":"2020-09-29T14:13:43","slug":"ips-de-la-ese-imsalud-vacunan-contra-la-influenza-a-ninos-y-adultos-segun-lineamientos-del-ministerio-de-salud","status":"publish","type":"post","link":"https:\/\/www.imsalud.gov.co\/web\/sala-de-prensa\/ultimas-noticias\/ips-de-la-ese-imsalud-vacunan-contra-la-influenza-a-ninos-y-adultos-segun-lineamientos-del-ministerio-de-salud\/","title":{"rendered":"IPS DE LA ESE IMSALUD VACUNAN CONTRA LA INFLUENZA A NI\u00d1OS Y ADULTOS SEG\u00daN LINEAMIENTOS DEL MINISTERIO DE SALUD"},"content":{"rendered":"<p style=\"text-align: justify;\"><img loading=\"lazy\" decoding=\"async\" class=\" alignleft size-full wp-image-8480\" style=\"margin: 5px; float: left;\" alt=\"IMG 2192\" src=\"http:\/\/www.imsalud.gov.co\/web\/wp-content\/uploads\/2013\/05\/IMG_2192.JPG\" height=\"235\" width=\"302\" srcset=\"https:\/\/www.imsalud.gov.co\/web\/wp-content\/uploads\/2013\/05\/IMG_2192.JPG 302w, https:\/\/www.imsalud.gov.co\/web\/wp-content\/uploads\/2013\/05\/IMG_2192-300x233.jpg 300w\" sizes=\"auto, (max-width: 302px) 100vw, 302px\" \/>\u201cEn las Unidades b\u00e1sicas e IPS de acuerdo a los lineamientos solo se vacunar\u00e1n contra la influenza a ni\u00f1os de 6 a 23 meses, gestantes a partir de la 14 semana y adultos mayores de 59 a\u00f1os\u201d indic\u00f3 el Gerente de Imsalud Hernando Jos\u00e9 Mora Gonz\u00e1lez.<\/p>\n<p style=\"text-align: justify;\">Por la \u00e9poca de lluvias es normal que se incrementen los casos de infecciones respiratorias agudas las&nbsp; cuales se pueden tratar en casa,&nbsp; el municipio de san Jos\u00e9&nbsp; de C\u00facuta&nbsp; se encuentra trabajando e incentivando a la comunidad para que prevengan este tipo de infecciones, manifest\u00f3 el mandatario local Donamaris Ram\u00edrez-Paris Lobo.&nbsp;<\/p>\n<p> <!--more--> <\/p>\n<p style=\"text-align: justify;\">&nbsp;<span style=\"line-height: 1.3em;\"><img loading=\"lazy\" decoding=\"async\" class=\" size-full wp-image-8481\" alt=\"\" src=\"http:\/\/www.imsalud.gov.co\/web\/wp-content\/uploads\/2013\/05\/IMG_2649.JPG\" height=\"297\" width=\"471\" \/> <\/span><span style=\"line-height: 1.3em;\">\u201cEn las Unidades b\u00e1sicas e IPS de acuerdo a los lineamientos solo se vacunar\u00e1n contra la influenza a ni\u00f1os de 6 a 23 meses, gestantes a partir de la 14 semana y adultos mayores de 59 a\u00f1os\u201d indic\u00f3 el Gerente de Imsalud Hernando Jos\u00e9 Mora Gonz\u00e1lez.<\/span><\/p>\n<p style=\"text-align: justify;\">Por la \u00e9poca de lluvias es normal que se incrementen los casos de infecciones respiratorias agudas las&nbsp; cuales se pueden tratar en casa,&nbsp; el municipio de san Jos\u00e9&nbsp; de C\u00facuta&nbsp; se encuentra trabajando e incentivando a la comunidad para que prevengan este tipo de infecciones, manifest\u00f3 el mandatario local Donamaris Ram\u00edrez-Paris Lobo.<\/p>\n<p style=\"text-align: justify;\">Todas las personas que tengan s\u00edntomas de infecciones respiratorias deber\u00e1n utilizar el tapabocas, el personal asistencial que labora en la IPS de la red de Imsalud lo usan y est\u00e1n intensificando las medidas preventivas, \u00edndico Hernando Mora al tiempo que&nbsp; resalt\u00f3 que la vacuna de la influenza cubre todas las cepas identificadas hasta la fecha de influenza.<\/p>\n<p style=\"text-align: justify;\">En este momento la Ese Imsalud cuenta en las unidades b\u00e1sicas y en las IPS con la disponibilidad de la vacuna, en la UBA Puente Barco Leones&nbsp; est\u00e1n asignados el 40% de los biol\u00f3gicos de los cuales hay 2600 dosis para adultos mayores de 59 a\u00f1os, 1600 para gestantes y 1400 para menores de 23 meses.<\/p>\n<p style=\"text-align: justify;\">Hernando Mora indico que es importante establecer los rangos de edad los cuales se van a trabajar durante esta fase ya que la&nbsp; vacuna tiene&nbsp; asignada una poblaci\u00f3n espec\u00edfica y vulnerable&nbsp; la cual es de 6 a 23 meses, gestantes a partir de la 14 semana,&nbsp; adultos mayores de 59 a\u00f1os y aquellos pacientes que se encuentren en alg\u00fan tipo&nbsp; de riesgo asociados a inmunopresion&nbsp; o que est\u00e9n suceptibles al virus.<\/p>\n<p style=\"text-align: justify;\">\u201cEs importante aclarar que esta vacuna contra la influenza no previene que se presenten los episodios gripales pero si evita que se generen complicaciones&nbsp; o grados severos de estos mismos\u00bb, afirmo Hernando Mora Gonz\u00e1lez.<\/p>\n","protected":false},"excerpt":{"rendered":"<p>\u201cEn las Unidades b\u00e1sicas e IPS de acuerdo a los lineamientos solo se vacunar\u00e1n contra la influenza a ni\u00f1os de 6 a 23 meses, gestantes a partir de la 14 [&#8230;]\n","protected":false},"author":19,"featured_media":8480,"comment_status":"open","ping_status":"open","sticky":false,"template":"","format":"standard","meta":{"footnotes":""},"categories":[515,74],"tags":[],"class_list":["post-8482","post","type-post","status-publish","format-standard","has-post-thumbnail","hentry","category-ninos","category-ultimas-noticias"],"_links":{"self":[{"href":"https:\/\/www.imsalud.gov.co\/web\/wp-json\/wp\/v2\/posts\/8482","targetHints":{"allow":["GET"]}}],"collection":[{"href":"https:\/\/www.imsalud.gov.co\/web\/wp-json\/wp\/v2\/posts"}],"about":[{"href":"https:\/\/www.imsalud.gov.co\/web\/wp-json\/wp\/v2\/types\/post"}],"author":[{"embeddable":true,"href":"https:\/\/www.imsalud.gov.co\/web\/wp-json\/wp\/v2\/users\/19"}],"replies":[{"embeddable":true,"href":"https:\/\/www.imsalud.gov.co\/web\/wp-json\/wp\/v2\/comments?post=8482"}],"version-history":[{"count":1,"href":"https:\/\/www.imsalud.gov.co\/web\/wp-json\/wp\/v2\/posts\/8482\/revisions"}],"predecessor-version":[{"id":30734,"href":"https:\/\/www.imsalud.gov.co\/web\/wp-json\/wp\/v2\/posts\/8482\/revisions\/30734"}],"wp:featuredmedia":[{"embeddable":true,"href":"https:\/\/www.imsalud.gov.co\/web\/wp-json\/wp\/v2\/media\/8480"}],"wp:attachment":[{"href":"https:\/\/www.imsalud.gov.co\/web\/wp-json\/wp\/v2\/media?parent=8482"}],"wp:term":[{"taxonomy":"category","embeddable":true,"href":"https:\/\/www.imsalud.gov.co\/web\/wp-json\/wp\/v2\/categories?post=8482"},{"taxonomy":"post_tag","embeddable":true,"href":"https:\/\/www.imsalud.gov.co\/web\/wp-json\/wp\/v2\/tags?post=8482"}],"curies":[{"name":"wp","href":"https:\/\/api.w.org\/{rel}","templated":true}]}}