{"id":8460,"date":"2010-08-23T21:20:04","date_gmt":"2010-08-24T02:20:04","guid":{"rendered":"http:\/\/www.imsalud.gov.co\/web\/lactancia-materna\/"},"modified":"2010-08-23T21:20:04","modified_gmt":"2010-08-24T02:20:04","slug":"lactancia-materna","status":"publish","type":"post","link":"https:\/\/www.imsalud.gov.co\/web\/sala-de-prensa\/ultimas-noticias\/lactancia-materna\/","title":{"rendered":"Lactancia Materna"},"content":{"rendered":"<p class=\"negro\" align=\"justify\"><img loading=\"lazy\" decoding=\"async\" class=\" alignright size-full wp-image-8459\" src=\"http:\/\/www.imsalud.gov.co\/web\/wp-content\/uploads\/2010\/08\/05.jpg\" border=\"0\" style=\"float: right; margin: 5px;\" width=\"300\" height=\"160\" \/>La leche materna es el mejor alimento que una madre puede ofrecer a su hijo reci\u00e9n nacido. No solo por su composici\u00f3n sino tambi\u00e9n por el v\u00ednculo afectivo que se establece entre la madre y su beb\u00e9 durante el acto de amamantar. En raz\u00f3n de que contiene todo lo que el ni\u00f1o necesita durante sus primeros meses de vida, la leche materna protege el beb\u00e9 frente a muchas enfermedades<\/p>\n<p> <!--more--> <\/p>\n<p class=\"negro\" align=\"justify\">\u00a0tales como catarro, neumon\u00eda, diarreas, otitis, infecciones de orina, e incluso otras futuras como asma, alergias, obesidad, etc. Favorece tambi\u00e9n a la madre. Las mujeres que amamantan pierden el peso ganado durante el embarazo m\u00e1s r\u00e1pidamente, y dif\u00edcilmente padecer\u00e1n de anemia o de hipertensi\u00f3n y depresi\u00f3n posparto.<\/p>\n<p>A\u00f1adiendo a\u00fan m\u00e1s ventajas, se puede decir que la leche materna es un alimento ecol\u00f3gico. No se fabrica, no se envasa ni se transporta, evitando as\u00ed el gasto de energ\u00eda y la contaminaci\u00f3n del medio ambiente. Para la familia es un gran ahorro. La leche materna no constituye un gasto econ\u00f3mico.<\/p>\n<p>Por todas estas razones y de acuerdo con la Organizaci\u00f3n Mundial de la Salud (OMS) y la Academia Americana de Pediatr\u00eda (AAP), el Comit\u00e9 de Lactancia de la Asociaci\u00f3n Espa\u00f1ola de Pediatr\u00eda recomienda la alimentaci\u00f3n exclusiva al pecho durante los primeros 6 meses de la vida del ni\u00f1o y continuar el amamantamiento junto con las comidas complementarias adecuadas hasta los 2 a\u00f1os de edad o m\u00e1s.\u00bb<\/p>\n<h3>Dar el pecho<\/h3>\n<p class=\"negro\" align=\"justify\">Cuanto antes mejor. Es importante que al ni\u00f1o se le ofrezca el pecho en la primera media hora tras el parto. Despu\u00e9s de la primer ahora, el reci\u00e9n nacido suele quedar adormecido unas horas. Durante este tiempo, es recomendable que el beb\u00e9 se quede junto a su mam\u00e1 para que se estimule el contacto piel con piel entre ambos. As\u00ed, puede ofrecerse el pecho tan pronto como se observe que el ni\u00f1o est\u00e1 dispuesto a mamar, y no solamente cuando llore. El llanto es un signo tard\u00edo de hambre. <br \/>No se debe olvidar de que el reci\u00e9n nacido sano no necesita m\u00e1s l\u00edquidos que los que obtiene de la leche de su madre, no es necesario ni recomendable ofrecer agua ni soluciones de suero glucosado. Antes de darle \u00absuplementos\u00bb o cualquier alimento distinto de la leche materna es conveniente consultar con el pediatra.<\/p>\n","protected":false},"excerpt":{"rendered":"<p>La leche materna es el mejor alimento que una madre puede ofrecer a su hijo reci\u00e9n nacido. No solo por su composici\u00f3n sino tambi\u00e9n por el v\u00ednculo afectivo que se [&#8230;]\n","protected":false},"author":19,"featured_media":8459,"comment_status":"open","ping_status":"open","sticky":false,"template":"","format":"standard","meta":{"footnotes":""},"categories":[74],"tags":[],"class_list":["post-8460","post","type-post","status-publish","format-standard","has-post-thumbnail","hentry","category-ultimas-noticias"],"_links":{"self":[{"href":"https:\/\/www.imsalud.gov.co\/web\/wp-json\/wp\/v2\/posts\/8460","targetHints":{"allow":["GET"]}}],"collection":[{"href":"https:\/\/www.imsalud.gov.co\/web\/wp-json\/wp\/v2\/posts"}],"about":[{"href":"https:\/\/www.imsalud.gov.co\/web\/wp-json\/wp\/v2\/types\/post"}],"author":[{"embeddable":true,"href":"https:\/\/www.imsalud.gov.co\/web\/wp-json\/wp\/v2\/users\/19"}],"replies":[{"embeddable":true,"href":"https:\/\/www.imsalud.gov.co\/web\/wp-json\/wp\/v2\/comments?post=8460"}],"version-history":[{"count":0,"href":"https:\/\/www.imsalud.gov.co\/web\/wp-json\/wp\/v2\/posts\/8460\/revisions"}],"wp:featuredmedia":[{"embeddable":true,"href":"https:\/\/www.imsalud.gov.co\/web\/wp-json\/wp\/v2\/media\/8459"}],"wp:attachment":[{"href":"https:\/\/www.imsalud.gov.co\/web\/wp-json\/wp\/v2\/media?parent=8460"}],"wp:term":[{"taxonomy":"category","embeddable":true,"href":"https:\/\/www.imsalud.gov.co\/web\/wp-json\/wp\/v2\/categories?post=8460"},{"taxonomy":"post_tag","embeddable":true,"href":"https:\/\/www.imsalud.gov.co\/web\/wp-json\/wp\/v2\/tags?post=8460"}],"curies":[{"name":"wp","href":"https:\/\/api.w.org\/{rel}","templated":true}]}}