{"id":8446,"date":"2013-06-04T14:18:36","date_gmt":"2013-06-04T19:18:36","guid":{"rendered":"http:\/\/www.imsalud.gov.co\/web\/pacientes-en-ubas-de-imsalud-a-espera-de-ser-remitidos-por-las-eps\/"},"modified":"2013-06-04T14:18:36","modified_gmt":"2013-06-04T19:18:36","slug":"pacientes-en-ubas-de-imsalud-a-espera-de-ser-remitidos-por-las-eps","status":"publish","type":"post","link":"https:\/\/www.imsalud.gov.co\/web\/sala-de-prensa\/ultimas-noticias\/pacientes-en-ubas-de-imsalud-a-espera-de-ser-remitidos-por-las-eps\/","title":{"rendered":"PACIENTES EN UBAS DE IMSALUD A ESPERA DE SER REMITIDOS POR LAS EPS"},"content":{"rendered":"<p style=\"text-align: justify;\">A la unidad b\u00e1sica de comuneros lleg\u00f3 la paciente Ludowina Manzano de 94 a\u00f1os aparentemente con derrame cerebral en donde inmediatamente le pusieron ox\u00edgeno y fue estabilizada mientras la EPS`s Caprecom deb\u00eda realizar el proceso de remisi\u00f3n a una unidad IPS con unidad de cuidados intensivos.<\/p>\n<p style=\"text-align: justify;\"> <!--more--> <\/p>\n<p style=\"text-align: justify;\">A la unidad b\u00e1sica de comuneros lleg\u00f3 la paciente Ludowina Manzano de 94 a\u00f1os aparentemente con derrame cerebral en donde inmediatamente le pusieron ox\u00edgeno y fue estabilizada mientras la EPS`s Caprecom deb\u00eda realizar el proceso de remisi\u00f3n a una unidad IPS con unidad de cuidados intensivos.<\/p>\n<p style=\"text-align: justify;\">A las 12:00 lleg\u00f3 al Policl\u00ednico de Juan Atalaya la paciente Esperanza Colmenares de 50 a\u00f1os la cual tuvo accidente cerebro vascular, quien inmediatamente fue estabilizada por el equipo m\u00e9dico de urgencias de Imsalud. La usuaria requiere atenci\u00f3n de alta complejidad.<\/p>\n<p style=\"text-align: justify;\">\u201cLos m\u00e9dicos llaman a Ecoopsos y no responde, en la unidad han hecho todo lo que pueden pero la remisi\u00f3n a especialista la debe hacer Ecoopsos y ellos no han hecho nada al llamado que se les ha hecho\u201d manifest\u00f3 la acompa\u00f1ante de la paciente.<\/p>\n<p style=\"text-align: justify;\">La usuaria tiene EPS\u00b4S Ecoopsos, ellos simplemente dicen que manden correos y no han solucionado nada, manifest\u00f3 la sobrina de la paciente, la cual despu\u00e9s de dos horas fue remitida a la IPS de Pamplona y asimismo fue devuelta ya que la IPS no cuenta con unidad de cuidados intensivos.<\/p>\n","protected":false},"excerpt":{"rendered":"<p>A la unidad b\u00e1sica de comuneros lleg\u00f3 la paciente Ludowina Manzano de 94 a\u00f1os aparentemente con derrame cerebral en donde inmediatamente le pusieron ox\u00edgeno y fue estabilizada mientras la EPS`s [&#8230;]\n","protected":false},"author":19,"featured_media":0,"comment_status":"open","ping_status":"open","sticky":false,"template":"","format":"standard","meta":{"footnotes":""},"categories":[74],"tags":[],"class_list":["post-8446","post","type-post","status-publish","format-standard","hentry","category-ultimas-noticias"],"_links":{"self":[{"href":"https:\/\/www.imsalud.gov.co\/web\/wp-json\/wp\/v2\/posts\/8446","targetHints":{"allow":["GET"]}}],"collection":[{"href":"https:\/\/www.imsalud.gov.co\/web\/wp-json\/wp\/v2\/posts"}],"about":[{"href":"https:\/\/www.imsalud.gov.co\/web\/wp-json\/wp\/v2\/types\/post"}],"author":[{"embeddable":true,"href":"https:\/\/www.imsalud.gov.co\/web\/wp-json\/wp\/v2\/users\/19"}],"replies":[{"embeddable":true,"href":"https:\/\/www.imsalud.gov.co\/web\/wp-json\/wp\/v2\/comments?post=8446"}],"version-history":[{"count":0,"href":"https:\/\/www.imsalud.gov.co\/web\/wp-json\/wp\/v2\/posts\/8446\/revisions"}],"wp:attachment":[{"href":"https:\/\/www.imsalud.gov.co\/web\/wp-json\/wp\/v2\/media?parent=8446"}],"wp:term":[{"taxonomy":"category","embeddable":true,"href":"https:\/\/www.imsalud.gov.co\/web\/wp-json\/wp\/v2\/categories?post=8446"},{"taxonomy":"post_tag","embeddable":true,"href":"https:\/\/www.imsalud.gov.co\/web\/wp-json\/wp\/v2\/tags?post=8446"}],"curies":[{"name":"wp","href":"https:\/\/api.w.org\/{rel}","templated":true}]}}