{"id":8442,"date":"2013-05-28T14:49:22","date_gmt":"2013-05-28T19:49:22","guid":{"rendered":"http:\/\/www.imsalud.gov.co\/web\/personal-asistencial-de-imsalud-recibio-capacitacion-sobre-manejo-de-pacientes-con-enfermedades-respiratorias-agudas\/"},"modified":"2013-05-28T14:49:22","modified_gmt":"2013-05-28T19:49:22","slug":"personal-asistencial-de-imsalud-recibio-capacitacion-sobre-manejo-de-pacientes-con-enfermedades-respiratorias-agudas","status":"publish","type":"post","link":"https:\/\/www.imsalud.gov.co\/web\/sala-de-prensa\/ultimas-noticias\/personal-asistencial-de-imsalud-recibio-capacitacion-sobre-manejo-de-pacientes-con-enfermedades-respiratorias-agudas\/","title":{"rendered":"PERSONAL ASISTENCIAL DE IMSALUD RECIBI\u00d3 CAPACITACI\u00d3N SOBRE MANEJO DE PACIENTES CON ENFERMEDADES RESPIRATORIAS AGUDAS"},"content":{"rendered":"<p style=\"text-align: justify;\"><img loading=\"lazy\" decoding=\"async\" class=\" alignleft size-full wp-image-8441\" style=\"margin: 5px; float: left;\" alt=\"263349 10201033502377572 1056861576 n\" src=\"http:\/\/www.imsalud.gov.co\/web\/wp-content\/uploads\/2013\/05\/263349_10201033502377572_1056861576_n.jpg\" height=\"199\" width=\"246\" \/>La secretaria de salud municipal a trav\u00e9s del instituto nacional de salud presentaron al Epidemi\u00f3logo Jos\u00e9 Alejandro Daza quien ha tratado a pacientes con el virus AH1N, por medio de una capacitaci\u00f3n a auxiliares de enfermer\u00eda, m\u00e9dicos y coordinadores de las unidades b\u00e1sicas e Ips de la ESE Imsalud.&nbsp;<\/p>\n<p> <!--more--> <\/p>\n<p>La secretaria de salud municipal a trav\u00e9s del instituto nacional de salud presentaron al Epidemi\u00f3logo Jos\u00e9 Alejandro Daza quien ha tratado a pacientes con el virus AH1N, por medio de una capacitaci\u00f3n a auxiliares de enfermer\u00eda, m\u00e9dicos y coordinadores de las unidades b\u00e1sicas e Ips de la ESE Imsalud.<\/p>\n<p style=\"text-align: justify;\">Durante la actividad los profesionales en medicina que laboran en las Ips recibieron capacitaci\u00f3n en el manejo de enfermedades respiratorias agudas.<\/p>\n<p style=\"text-align: justify;\">Hernando Jos\u00e9&nbsp; Mora Gonz\u00e1lez&nbsp; gerente de la Ese Imsalud manifest\u00f3 que esta capacitaci\u00f3n se llev\u00f3 a cabo en el Auditorio de la IPS Pamplona&nbsp; y ten\u00eda como&nbsp; objetivo&nbsp; definir los protocolos de manejo de los casos y rutas de comunicaci\u00f3n que fortalezca el proceso de vigilancia epidemiol\u00f3gica y evite la congesti\u00f3n de los servicios de salud producto del aumento de los casos asociados a las enfermedades respiratorias aguda.<\/p>\n<p style=\"text-align: justify;\">Al encuentro tambi\u00e9n se hicieron presentes el equipo de&nbsp; promoci\u00f3n y prevenci\u00f3n de la ESE Imsalud y el coordinador m\u00e9dico quienes implementan y coordinan las medidas preventivas en el personal asistencial en las Ips que conforman la red de servicios de salud.<\/p>\n<p style=\"text-align: justify;\">Por otra parte el gerente de Imsalud visit\u00f3 algunas de las unidades b\u00e1sicas recalcando la&nbsp; importancia de&nbsp; llevar a&nbsp; las Ips a vacunarse contra la influenza a los ni\u00f1os de 6 a 23 meses y adultos mayores de 60 a\u00f1os, all\u00ed mismo manifest\u00f3 que los casos sospechosos deben usar pa\u00f1uelo de tela o tapabocas durante su estancia en las Ips.<\/p>\n<p style=\"text-align: justify;\">Seg\u00fan Jos\u00e9 Daza,las medidas de prevenci\u00f3n para la comunidad sin exposici\u00f3n conocida son el lavado de manos frecuente&nbsp; especialmente despu\u00e9s de usar pa\u00f1uelos de tela o papel,&nbsp; evitar saludar de mano y de beso,&nbsp; evitar frotarse los ojos y en lo posible evitar asistir&nbsp; a sitios de concentraci\u00f3n masiva, que no sean necesarios; igualmente indico que los cuidados para Para los servicios asistenciales son&nbsp; la&nbsp; asignaci\u00f3n&nbsp; de \u00e1reas de espera y de hospitalizaci\u00f3n de pacientes con enfermedad similar a influenza para que no est\u00e9n en contacto directo con otros grupos de pacientes, designaci\u00f3n de grupos de personal de salud para el manejo de casos sospechosos.<\/p>\n","protected":false},"excerpt":{"rendered":"<p>La secretaria de salud municipal a trav\u00e9s del instituto nacional de salud presentaron al Epidemi\u00f3logo Jos\u00e9 Alejandro Daza quien ha tratado a pacientes con el virus AH1N, por medio de [&#8230;]\n","protected":false},"author":19,"featured_media":8441,"comment_status":"open","ping_status":"open","sticky":false,"template":"","format":"standard","meta":{"footnotes":""},"categories":[74],"tags":[],"class_list":["post-8442","post","type-post","status-publish","format-standard","has-post-thumbnail","hentry","category-ultimas-noticias"],"_links":{"self":[{"href":"https:\/\/www.imsalud.gov.co\/web\/wp-json\/wp\/v2\/posts\/8442","targetHints":{"allow":["GET"]}}],"collection":[{"href":"https:\/\/www.imsalud.gov.co\/web\/wp-json\/wp\/v2\/posts"}],"about":[{"href":"https:\/\/www.imsalud.gov.co\/web\/wp-json\/wp\/v2\/types\/post"}],"author":[{"embeddable":true,"href":"https:\/\/www.imsalud.gov.co\/web\/wp-json\/wp\/v2\/users\/19"}],"replies":[{"embeddable":true,"href":"https:\/\/www.imsalud.gov.co\/web\/wp-json\/wp\/v2\/comments?post=8442"}],"version-history":[{"count":0,"href":"https:\/\/www.imsalud.gov.co\/web\/wp-json\/wp\/v2\/posts\/8442\/revisions"}],"wp:featuredmedia":[{"embeddable":true,"href":"https:\/\/www.imsalud.gov.co\/web\/wp-json\/wp\/v2\/media\/8441"}],"wp:attachment":[{"href":"https:\/\/www.imsalud.gov.co\/web\/wp-json\/wp\/v2\/media?parent=8442"}],"wp:term":[{"taxonomy":"category","embeddable":true,"href":"https:\/\/www.imsalud.gov.co\/web\/wp-json\/wp\/v2\/categories?post=8442"},{"taxonomy":"post_tag","embeddable":true,"href":"https:\/\/www.imsalud.gov.co\/web\/wp-json\/wp\/v2\/tags?post=8442"}],"curies":[{"name":"wp","href":"https:\/\/api.w.org\/{rel}","templated":true}]}}