{"id":8434,"date":"2013-10-30T15:11:35","date_gmt":"2013-10-30T20:11:35","guid":{"rendered":"http:\/\/www.imsalud.gov.co\/web\/personal-de-imsalud-se-capacitara-en-evaluacion-de-danos-de-necesidades-en-salud\/"},"modified":"2013-10-30T15:11:35","modified_gmt":"2013-10-30T20:11:35","slug":"personal-de-imsalud-se-capacitara-en-evaluacion-de-danos-de-necesidades-en-salud","status":"publish","type":"post","link":"https:\/\/www.imsalud.gov.co\/web\/sala-de-prensa\/ultimas-noticias\/personal-de-imsalud-se-capacitara-en-evaluacion-de-danos-de-necesidades-en-salud\/","title":{"rendered":"PERSONAL DE IMSALUD SE CAPACITARA EN EVALUACION DE DA\u00d1OS DE NECESIDADES EN SALUD"},"content":{"rendered":"<p style=\"text-align: justify;\"><img loading=\"lazy\" decoding=\"async\" class=\" alignleft size-full wp-image-8433\" style=\"margin: 5px; border: 1px solid #000000; float: left;\" alt=\"IMG 0740\" src=\"http:\/\/www.imsalud.gov.co\/web\/wp-content\/uploads\/2013\/10\/IMG_0740.jpg\" height=\"336\" width=\"448\" srcset=\"https:\/\/www.imsalud.gov.co\/web\/wp-content\/uploads\/2013\/10\/IMG_0740.jpg 448w, https:\/\/www.imsalud.gov.co\/web\/wp-content\/uploads\/2013\/10\/IMG_0740-300x225.jpg 300w\" sizes=\"auto, (max-width: 448px) 100vw, 448px\" \/>La ESE IMSALUD en cooperaci\u00f3n con el El Instituto Departamental de Salud de Norte de Santander y en desarrollo del POA de Emergencias y Desastres iniciaran unas jornadas de capacitaciones dirigidas a los Prestadores de Servicios de Salud que ofertan servicios de hospitalizaci\u00f3n y de urgencias a una capacitaci\u00f3n.<\/p>\n<p>El personal asistencial y administrativo de las IPS y unidades b\u00e1sicas asistir\u00e1n a las capacitaciones que se llevaran a cabo en el auditorio de la unidad basica la libertad en donde se tratar\u00e1n los temas elaboraci\u00f3n de Planes Hospitalarios de Emergencias, Evaluaci\u00f3n de Da\u00f1os y An\u00e1lisis de Necesidades en Salud (EDAN) y Conformaci\u00f3n de Equipos de Respuesta Inmediata (ERI), elaboraci\u00f3n de mapas de riesgoComunitarios y Capacitaci\u00f3n en Misi\u00f3n M\u00e9dica.<\/p>\n<p style=\"text-align: justify;\">El gerente de la ESE IMSALUD Hernando Mora Gonzalez indic\u00f3 que las actividades de capacitaci\u00f3n iniciaran a partir de ma\u00f1ana 30 de octubre continuando el 6 y 20 de noviembre y finalizando el 4 de diciembre.<\/p>\n","protected":false},"excerpt":{"rendered":"<p>La ESE IMSALUD en cooperaci\u00f3n con el El Instituto Departamental de Salud de Norte de Santander y en desarrollo del POA de Emergencias y Desastres iniciaran unas jornadas de capacitaciones [&#8230;]\n","protected":false},"author":19,"featured_media":8433,"comment_status":"open","ping_status":"open","sticky":false,"template":"","format":"standard","meta":{"footnotes":""},"categories":[74],"tags":[],"class_list":["post-8434","post","type-post","status-publish","format-standard","has-post-thumbnail","hentry","category-ultimas-noticias"],"_links":{"self":[{"href":"https:\/\/www.imsalud.gov.co\/web\/wp-json\/wp\/v2\/posts\/8434","targetHints":{"allow":["GET"]}}],"collection":[{"href":"https:\/\/www.imsalud.gov.co\/web\/wp-json\/wp\/v2\/posts"}],"about":[{"href":"https:\/\/www.imsalud.gov.co\/web\/wp-json\/wp\/v2\/types\/post"}],"author":[{"embeddable":true,"href":"https:\/\/www.imsalud.gov.co\/web\/wp-json\/wp\/v2\/users\/19"}],"replies":[{"embeddable":true,"href":"https:\/\/www.imsalud.gov.co\/web\/wp-json\/wp\/v2\/comments?post=8434"}],"version-history":[{"count":0,"href":"https:\/\/www.imsalud.gov.co\/web\/wp-json\/wp\/v2\/posts\/8434\/revisions"}],"wp:featuredmedia":[{"embeddable":true,"href":"https:\/\/www.imsalud.gov.co\/web\/wp-json\/wp\/v2\/media\/8433"}],"wp:attachment":[{"href":"https:\/\/www.imsalud.gov.co\/web\/wp-json\/wp\/v2\/media?parent=8434"}],"wp:term":[{"taxonomy":"category","embeddable":true,"href":"https:\/\/www.imsalud.gov.co\/web\/wp-json\/wp\/v2\/categories?post=8434"},{"taxonomy":"post_tag","embeddable":true,"href":"https:\/\/www.imsalud.gov.co\/web\/wp-json\/wp\/v2\/tags?post=8434"}],"curies":[{"name":"wp","href":"https:\/\/api.w.org\/{rel}","templated":true}]}}