{"id":8176,"date":"2013-12-18T23:39:41","date_gmt":"2013-12-19T04:39:41","guid":{"rendered":"http:\/\/www.imsalud.gov.co\/web\/aviso-invitacion-publica-minima-cuantia-no-36-de-2013-compra-muebles-y-enseres-ese-imsalud\/"},"modified":"2021-01-25T15:06:31","modified_gmt":"2021-01-25T20:06:31","slug":"aviso-invitacion-publica-minima-cuantia-no-36-de-2013-compra-muebles-y-enseres-ese-imsalud","status":"publish","type":"post","link":"https:\/\/www.imsalud.gov.co\/web\/contratacion\/aviso-invitacion-publica-minima-cuantia-no-36-de-2013-compra-muebles-y-enseres-ese-imsalud\/","title":{"rendered":"Aviso Invitaci\u00f3n P\u00fablica m\u00ednima cuant\u00eda  No.  36 DE 2013. Compra Muebles y Enseres ESE IMSALUD"},"content":{"rendered":"<p class=\"MsoNormal\" style=\"margin-bottom: 0.0001pt; line-height: normal; text-align: justify;\" align=\"center\"><strong><span style=\"mso-ascii-font-family: Calibri; mso-ascii-theme-font: minor-latin; mso-hansi-font-family: Calibri; mso-hansi-theme-font: minor-latin; mso-bidi-font-family: Calibri; mso-bidi-theme-font: minor-latin;\"><br \/><strong><span style=\"mso-ascii-font-family: Calibri; mso-ascii-theme-font: minor-latin; mso-hansi-font-family: Calibri; mso-hansi-theme-font: minor-latin; mso-bidi-font-family: Calibri; mso-bidi-theme-font: minor-latin;\">Objeto: \u00a0\u201c<\/span><span style=\"mso-ascii-font-family: Calibri; mso-ascii-theme-font: minor-latin; mso-hansi-font-family: Calibri; mso-hansi-theme-font: minor-latin; mso-bidi-font-family: Calibri; mso-bidi-theme-font: minor-latin;\">COMPRA DE MUEBLES Y EQUIPOS DE OFICINA PARA LA RED PRESTADORA DE SERVICIOS DE SALUD DE LA E.S.E. IMSALUD\u00bb<\/span><\/strong><\/span><\/strong><\/p>\n<p class=\"MsoNormal\" style=\"margin-bottom: 0.0001pt; line-height: normal; text-align: justify;\" align=\"center\"><strong><span style=\"mso-ascii-font-family: Calibri; mso-ascii-theme-font: minor-latin; mso-hansi-font-family: Calibri; mso-hansi-theme-font: minor-latin; mso-bidi-font-family: Calibri; mso-bidi-theme-font: minor-latin;\">Presupuesto:\u00a0<\/span><\/strong><strong><span style=\"mso-ascii-font-family: Calibri; mso-ascii-theme-font: minor-latin; mso-hansi-font-family: Calibri; mso-hansi-theme-font: minor-latin; mso-bidi-font-family: Calibri; mso-bidi-theme-font: minor-latin;\">$100.000<span style=\"mso-font-width: 99%;\">.0<span style=\"letter-spacing: .1pt;\">0<\/span>0<\/span><\/span><\/strong><\/p>\n<p class=\"MsoNormal\" style=\"margin-bottom: .0001pt; text-align: center; line-height: normal;\" align=\"center\"><span style=\"mso-ascii-font-family: Calibri; mso-ascii-theme-font: minor-latin; mso-hansi-font-family: Calibri; mso-hansi-theme-font: minor-latin; mso-bidi-font-family: Calibri; mso-bidi-theme-font: minor-latin;\">\u00a0<\/span><\/p>\n<p class=\"MsoNormal\" style=\"margin-bottom: 0.0001pt; line-height: normal; text-align: justify;\" align=\"center\"><a href=\"http:\/\/www.imsalud.gov.co\/web\/wp-content\/uploads\/2013\/12\/AVISOMUEBLEQUIPODIC182013.pdf\">Descargar Documento \u00a0fecha:<strong><em>dic\/18\/2013<\/em><\/strong><\/a><\/p>\n<p class=\"MsoNormal\" style=\"margin-bottom: 0.0001pt; line-height: normal; text-align: justify;\" align=\"center\"><a href=\"http:\/\/www.imsalud.gov.co\/web\/wp-content\/uploads\/2013\/12\/EVALUAMUEBLE36dic232013.pdf\"><strong>Descargas Evaluaci\u00f3n Fecha: dic\/23\/2013<\/strong><\/a><\/p>\n<p class=\"MsoNormal\" style=\"margin-bottom: 0.0001pt; line-height: normal; text-align: justify;\" align=\"center\"><span style=\"mso-ascii-font-family: Calibri; mso-ascii-theme-font: minor-latin; mso-hansi-font-family: Calibri; mso-hansi-theme-font: minor-latin; mso-bidi-font-family: Calibri; mso-bidi-theme-font: minor-latin;\">\u00a0<\/span><\/p>\n","protected":false},"excerpt":{"rendered":"<p>Objeto: \u00a0\u201cCOMPRA DE MUEBLES Y EQUIPOS DE OFICINA PARA LA RED PRESTADORA DE SERVICIOS DE SALUD DE LA E.S.E. IMSALUD\u00bb Presupuesto:\u00a0$100.000.000 \u00a0 Descargar Documento \u00a0fecha:dic\/18\/2013 Descargas Evaluaci\u00f3n Fecha: dic\/23\/2013 \u00a0<\/p>\n","protected":false},"author":19,"featured_media":0,"comment_status":"open","ping_status":"open","sticky":false,"template":"","format":"standard","meta":{"footnotes":""},"categories":[365,674],"tags":[],"class_list":["post-8176","post","type-post","status-publish","format-standard","hentry","category-contratacion","category-contratacion-2013"],"_links":{"self":[{"href":"https:\/\/www.imsalud.gov.co\/web\/wp-json\/wp\/v2\/posts\/8176","targetHints":{"allow":["GET"]}}],"collection":[{"href":"https:\/\/www.imsalud.gov.co\/web\/wp-json\/wp\/v2\/posts"}],"about":[{"href":"https:\/\/www.imsalud.gov.co\/web\/wp-json\/wp\/v2\/types\/post"}],"author":[{"embeddable":true,"href":"https:\/\/www.imsalud.gov.co\/web\/wp-json\/wp\/v2\/users\/19"}],"replies":[{"embeddable":true,"href":"https:\/\/www.imsalud.gov.co\/web\/wp-json\/wp\/v2\/comments?post=8176"}],"version-history":[{"count":1,"href":"https:\/\/www.imsalud.gov.co\/web\/wp-json\/wp\/v2\/posts\/8176\/revisions"}],"predecessor-version":[{"id":33499,"href":"https:\/\/www.imsalud.gov.co\/web\/wp-json\/wp\/v2\/posts\/8176\/revisions\/33499"}],"wp:attachment":[{"href":"https:\/\/www.imsalud.gov.co\/web\/wp-json\/wp\/v2\/media?parent=8176"}],"wp:term":[{"taxonomy":"category","embeddable":true,"href":"https:\/\/www.imsalud.gov.co\/web\/wp-json\/wp\/v2\/categories?post=8176"},{"taxonomy":"post_tag","embeddable":true,"href":"https:\/\/www.imsalud.gov.co\/web\/wp-json\/wp\/v2\/tags?post=8176"}],"curies":[{"name":"wp","href":"https:\/\/api.w.org\/{rel}","templated":true}]}}