{"id":7895,"date":"2013-02-18T18:26:27","date_gmt":"2013-02-18T23:26:27","guid":{"rendered":"http:\/\/www.imsalud.gov.co\/web\/invitacion-publica-no-13-de-menor-cuantia-suministro-de-implementos-de-aseo-y-cafeteria\/"},"modified":"2021-01-25T15:00:30","modified_gmt":"2021-01-25T20:00:30","slug":"invitacion-publica-no-13-de-menor-cuantia-suministro-de-implementos-de-aseo-y-cafeteria","status":"publish","type":"post","link":"https:\/\/www.imsalud.gov.co\/web\/contratacion\/invitacion-publica-no-13-de-menor-cuantia-suministro-de-implementos-de-aseo-y-cafeteria\/","title":{"rendered":"Invitaci\u00f3n P\u00fablica No.13 de Menor cuantia. Suministro de implementos de aseo y Cafeter\u00eda"},"content":{"rendered":"<p><span style=\"font-size: x-small;\"><strong><span style=\"font-family: arial black,avant garde;\">OBJETO: SUMINISTRO DE IMPLEMENTOS DE ASEO Y CAFETERIA PARA LA RED <\/span><span style=\"font-family: arial black,avant garde;\">PRESTADORA DE SERVICIOS DE LA ESE IMSALUD<\/span><\/strong><\/span><\/p>\n<p>valor presupuestado: $105.000.000<\/p>\n<p>Descargar&nbsp;&nbsp;&nbsp;&nbsp;&nbsp;&nbsp;&nbsp; <a href=\"http:\/\/www.imsalud.gov.co\/web\/wp-content\/uploads\/2013\/02\/AVISO13.pdf\">Aviso<\/a>&nbsp;&nbsp;&nbsp; <a href=\"http:\/\/www.imsalud.gov.co\/web\/wp-content\/uploads\/2013\/02\/ESTPRE13.pdf\">Estudios Previos&nbsp;<\/a>&nbsp;&nbsp; <a href=\"http:\/\/www.imsalud.gov.co\/web\/wp-content\/uploads\/2013\/02\/EVALUASEO13.pdf\">Acta de Evaluaci\u00f3n<\/a><\/p>\n","protected":false},"excerpt":{"rendered":"<p>OBJETO: SUMINISTRO DE IMPLEMENTOS DE ASEO Y CAFETERIA PARA LA RED PRESTADORA DE SERVICIOS DE LA ESE IMSALUD valor presupuestado: $105.000.000 Descargar&nbsp;&nbsp;&nbsp;&nbsp;&nbsp;&nbsp;&nbsp; Aviso&nbsp;&nbsp;&nbsp; Estudios Previos&nbsp;&nbsp;&nbsp; Acta de Evaluaci\u00f3n<\/p>\n","protected":false},"author":21,"featured_media":0,"comment_status":"open","ping_status":"open","sticky":false,"template":"","format":"standard","meta":{"footnotes":""},"categories":[365,674],"tags":[],"class_list":["post-7895","post","type-post","status-publish","format-standard","hentry","category-contratacion","category-contratacion-2013"],"_links":{"self":[{"href":"https:\/\/www.imsalud.gov.co\/web\/wp-json\/wp\/v2\/posts\/7895","targetHints":{"allow":["GET"]}}],"collection":[{"href":"https:\/\/www.imsalud.gov.co\/web\/wp-json\/wp\/v2\/posts"}],"about":[{"href":"https:\/\/www.imsalud.gov.co\/web\/wp-json\/wp\/v2\/types\/post"}],"author":[{"embeddable":true,"href":"https:\/\/www.imsalud.gov.co\/web\/wp-json\/wp\/v2\/users\/21"}],"replies":[{"embeddable":true,"href":"https:\/\/www.imsalud.gov.co\/web\/wp-json\/wp\/v2\/comments?post=7895"}],"version-history":[{"count":1,"href":"https:\/\/www.imsalud.gov.co\/web\/wp-json\/wp\/v2\/posts\/7895\/revisions"}],"predecessor-version":[{"id":33305,"href":"https:\/\/www.imsalud.gov.co\/web\/wp-json\/wp\/v2\/posts\/7895\/revisions\/33305"}],"wp:attachment":[{"href":"https:\/\/www.imsalud.gov.co\/web\/wp-json\/wp\/v2\/media?parent=7895"}],"wp:term":[{"taxonomy":"category","embeddable":true,"href":"https:\/\/www.imsalud.gov.co\/web\/wp-json\/wp\/v2\/categories?post=7895"},{"taxonomy":"post_tag","embeddable":true,"href":"https:\/\/www.imsalud.gov.co\/web\/wp-json\/wp\/v2\/tags?post=7895"}],"curies":[{"name":"wp","href":"https:\/\/api.w.org\/{rel}","templated":true}]}}