{"id":43235,"date":"2022-01-13T15:47:52","date_gmt":"2022-01-13T20:47:52","guid":{"rendered":"https:\/\/www.imsalud.gov.co\/web\/?p=43235"},"modified":"2022-01-13T15:47:52","modified_gmt":"2022-01-13T20:47:52","slug":"posesion-medica-general","status":"publish","type":"post","link":"https:\/\/www.imsalud.gov.co\/web\/sala-de-prensa\/ultimas-noticias\/posesion-medica-general\/","title":{"rendered":"POSESI\u00d3N M\u00c9DICA GENERAL"},"content":{"rendered":"<p>El d\u00eda 12 de enero de 2022 en las instalaciones de la ESE Imsalud, se realiz\u00f3 el acto de posesi\u00f3n de la m\u00e9dica general Daniela Santana de Le\u00f3n.<\/p>\n<div id='gallery-1' class='gallery galleryid-43235 gallery-columns-3 gallery-size-thumbnail'><figure class='gallery-item'>\n\t\t\t<div class='gallery-icon '>\n\t\t\t\t<a href='https:\/\/www.imsalud.gov.co\/web\/sala-de-prensa\/ultimas-noticias\/posesion-medica-general\/attachment\/img_3550-2\/#main'><img loading=\"lazy\" decoding=\"async\" width=\"1\" height=\"1\" src=\"https:\/\/www.imsalud.gov.co\/web\/wp-content\/uploads\/2022\/01\/IMG_3550-1.heic\" class=\"attachment-thumbnail size-thumbnail\" alt=\"\" \/><\/a>\n\t\t\t<\/div><\/figure><figure class='gallery-item'>\n\t\t\t<div class='gallery-icon '>\n\t\t\t\t<a href='https:\/\/www.imsalud.gov.co\/web\/sala-de-prensa\/ultimas-noticias\/posesion-medica-general\/attachment\/img_3551\/#main'><img loading=\"lazy\" decoding=\"async\" width=\"1\" height=\"1\" src=\"https:\/\/www.imsalud.gov.co\/web\/wp-content\/uploads\/2022\/01\/IMG_3551.heic\" class=\"attachment-thumbnail size-thumbnail\" alt=\"\" \/><\/a>\n\t\t\t<\/div><\/figure><figure class='gallery-item'>\n\t\t\t<div class='gallery-icon '>\n\t\t\t\t<a href='https:\/\/www.imsalud.gov.co\/web\/sala-de-prensa\/ultimas-noticias\/posesion-medica-general\/attachment\/img_3552\/#main'><img loading=\"lazy\" decoding=\"async\" width=\"1\" height=\"1\" src=\"https:\/\/www.imsalud.gov.co\/web\/wp-content\/uploads\/2022\/01\/IMG_3552.heic\" class=\"attachment-thumbnail size-thumbnail\" alt=\"\" \/><\/a>\n\t\t\t<\/div><\/figure><figure class='gallery-item'>\n\t\t\t<div class='gallery-icon '>\n\t\t\t\t<a href='https:\/\/www.imsalud.gov.co\/web\/sala-de-prensa\/ultimas-noticias\/posesion-medica-general\/attachment\/img_3556\/#main'><img loading=\"lazy\" decoding=\"async\" width=\"1\" height=\"1\" src=\"https:\/\/www.imsalud.gov.co\/web\/wp-content\/uploads\/2022\/01\/IMG_3556.heic\" class=\"attachment-thumbnail size-thumbnail\" alt=\"\" \/><\/a>\n\t\t\t<\/div><\/figure><figure class='gallery-item'>\n\t\t\t<div class='gallery-icon '>\n\t\t\t\t<a href='https:\/\/www.imsalud.gov.co\/web\/sala-de-prensa\/ultimas-noticias\/posesion-medica-general\/attachment\/img_3558-2\/#main'><img loading=\"lazy\" decoding=\"async\" width=\"1\" height=\"1\" src=\"https:\/\/www.imsalud.gov.co\/web\/wp-content\/uploads\/2022\/01\/IMG_3558.heic\" class=\"attachment-thumbnail size-thumbnail\" alt=\"\" \/><\/a>\n\t\t\t<\/div><\/figure><figure class='gallery-item'>\n\t\t\t<div class='gallery-icon '>\n\t\t\t\t<a href='https:\/\/www.imsalud.gov.co\/web\/sala-de-prensa\/ultimas-noticias\/posesion-medica-general\/attachment\/img_3559-2\/#main'><img loading=\"lazy\" decoding=\"async\" width=\"1\" height=\"1\" src=\"https:\/\/www.imsalud.gov.co\/web\/wp-content\/uploads\/2022\/01\/IMG_3559.heic\" class=\"attachment-thumbnail size-thumbnail\" alt=\"\" \/><\/a>\n\t\t\t<\/div><\/figure>\n\t\t<\/div>\n\n","protected":false},"excerpt":{"rendered":"<p>El d\u00eda 12 de enero de 2022 en las instalaciones de la ESE Imsalud, se realiz\u00f3 el acto de posesi\u00f3n de la m\u00e9dica general Daniela Santana de Le\u00f3n.<\/p>\n","protected":false},"author":27,"featured_media":43240,"comment_status":"closed","ping_status":"closed","sticky":false,"template":"","format":"standard","meta":{"footnotes":""},"categories":[74],"tags":[],"class_list":["post-43235","post","type-post","status-publish","format-standard","has-post-thumbnail","hentry","category-ultimas-noticias"],"_links":{"self":[{"href":"https:\/\/www.imsalud.gov.co\/web\/wp-json\/wp\/v2\/posts\/43235","targetHints":{"allow":["GET"]}}],"collection":[{"href":"https:\/\/www.imsalud.gov.co\/web\/wp-json\/wp\/v2\/posts"}],"about":[{"href":"https:\/\/www.imsalud.gov.co\/web\/wp-json\/wp\/v2\/types\/post"}],"author":[{"embeddable":true,"href":"https:\/\/www.imsalud.gov.co\/web\/wp-json\/wp\/v2\/users\/27"}],"replies":[{"embeddable":true,"href":"https:\/\/www.imsalud.gov.co\/web\/wp-json\/wp\/v2\/comments?post=43235"}],"version-history":[{"count":1,"href":"https:\/\/www.imsalud.gov.co\/web\/wp-json\/wp\/v2\/posts\/43235\/revisions"}],"predecessor-version":[{"id":43247,"href":"https:\/\/www.imsalud.gov.co\/web\/wp-json\/wp\/v2\/posts\/43235\/revisions\/43247"}],"wp:featuredmedia":[{"embeddable":true,"href":"https:\/\/www.imsalud.gov.co\/web\/wp-json\/wp\/v2\/media\/43240"}],"wp:attachment":[{"href":"https:\/\/www.imsalud.gov.co\/web\/wp-json\/wp\/v2\/media?parent=43235"}],"wp:term":[{"taxonomy":"category","embeddable":true,"href":"https:\/\/www.imsalud.gov.co\/web\/wp-json\/wp\/v2\/categories?post=43235"},{"taxonomy":"post_tag","embeddable":true,"href":"https:\/\/www.imsalud.gov.co\/web\/wp-json\/wp\/v2\/tags?post=43235"}],"curies":[{"name":"wp","href":"https:\/\/api.w.org\/{rel}","templated":true}]}}