{"id":38368,"date":"2021-06-08T15:57:34","date_gmt":"2021-06-08T20:57:34","guid":{"rendered":"https:\/\/www.imsalud.gov.co\/web\/?p=38368"},"modified":"2021-06-08T15:57:34","modified_gmt":"2021-06-08T20:57:34","slug":"pruebas-covid-19-en-el-colegio-jose-eusebio-caro","status":"publish","type":"post","link":"https:\/\/www.imsalud.gov.co\/web\/sala-de-prensa\/ultimas-noticias\/pruebas-covid-19-en-el-colegio-jose-eusebio-caro\/","title":{"rendered":"PRUEBAS COVID-19 EN EL COLEGIO JOS\u00c9 EUSEBIO CARO"},"content":{"rendered":"<p>Imsalud con la Secretar\u00eda de Salud Municipal, contin\u00faa realizando un arduo trabajo para detectar y combatir el covid-19 en la poblaci\u00f3n vulnerable de la ciudad.<br \/>\nEn esta ocasi\u00f3n, desde el colegio Jos\u00e9 Eusebio Caro (INEM), desarrollamos la gran jornada de toma de muestras gratis de ant\u00edgeno SARS CoV2 para la comunidad.<br \/>\n#ImsaludFirme<br \/>\n<div id='gallery-1' class='gallery galleryid-38368 gallery-columns-3 gallery-size-thumbnail'><figure class='gallery-item'>\n\t\t\t<div class='gallery-icon landscape'>\n\t\t\t\t<a href='https:\/\/www.imsalud.gov.co\/web\/sala-de-prensa\/ultimas-noticias\/pruebas-covid-19-en-el-colegio-jose-eusebio-caro\/attachment\/196530858_3955321741244836_665988298921428819_n-1\/#main'><img loading=\"lazy\" decoding=\"async\" width=\"150\" height=\"150\" src=\"https:\/\/www.imsalud.gov.co\/web\/wp-content\/uploads\/2021\/06\/196530858_3955321741244836_665988298921428819_n-1-280x280.jpg\" class=\"attachment-thumbnail size-thumbnail\" alt=\"\" \/><\/a>\n\t\t\t<\/div><\/figure><figure class='gallery-item'>\n\t\t\t<div class='gallery-icon landscape'>\n\t\t\t\t<a href='https:\/\/www.imsalud.gov.co\/web\/sala-de-prensa\/ultimas-noticias\/pruebas-covid-19-en-el-colegio-jose-eusebio-caro\/attachment\/192300180_3955321921244818_258189256635611423_n-1\/#main'><img loading=\"lazy\" decoding=\"async\" width=\"150\" height=\"150\" src=\"https:\/\/www.imsalud.gov.co\/web\/wp-content\/uploads\/2021\/06\/192300180_3955321921244818_258189256635611423_n-1-280x280.jpg\" class=\"attachment-thumbnail size-thumbnail\" alt=\"\" \/><\/a>\n\t\t\t<\/div><\/figure><figure class='gallery-item'>\n\t\t\t<div class='gallery-icon landscape'>\n\t\t\t\t<a href='https:\/\/www.imsalud.gov.co\/web\/sala-de-prensa\/ultimas-noticias\/pruebas-covid-19-en-el-colegio-jose-eusebio-caro\/attachment\/192300180_3955321921244818_258189256635611423_n\/#main'><img loading=\"lazy\" decoding=\"async\" width=\"150\" height=\"150\" src=\"https:\/\/www.imsalud.gov.co\/web\/wp-content\/uploads\/2021\/06\/192300180_3955321921244818_258189256635611423_n-280x280.jpg\" class=\"attachment-thumbnail size-thumbnail\" alt=\"\" \/><\/a>\n\t\t\t<\/div><\/figure><figure class='gallery-item'>\n\t\t\t<div class='gallery-icon landscape'>\n\t\t\t\t<a href='https:\/\/www.imsalud.gov.co\/web\/sala-de-prensa\/ultimas-noticias\/pruebas-covid-19-en-el-colegio-jose-eusebio-caro\/attachment\/196289383_3955322464578097_1483021058061304610_n\/#main'><img loading=\"lazy\" decoding=\"async\" width=\"150\" height=\"150\" src=\"https:\/\/www.imsalud.gov.co\/web\/wp-content\/uploads\/2021\/06\/196289383_3955322464578097_1483021058061304610_n-280x280.jpg\" class=\"attachment-thumbnail size-thumbnail\" alt=\"\" \/><\/a>\n\t\t\t<\/div><\/figure><figure class='gallery-item'>\n\t\t\t<div class='gallery-icon landscape'>\n\t\t\t\t<a href='https:\/\/www.imsalud.gov.co\/web\/sala-de-prensa\/ultimas-noticias\/pruebas-covid-19-en-el-colegio-jose-eusebio-caro\/attachment\/196824700_3955321644578179_3589116032307749384_n-1\/#main'><img loading=\"lazy\" decoding=\"async\" width=\"150\" height=\"150\" src=\"https:\/\/www.imsalud.gov.co\/web\/wp-content\/uploads\/2021\/06\/196824700_3955321644578179_3589116032307749384_n-1-280x280.jpg\" class=\"attachment-thumbnail size-thumbnail\" alt=\"\" \/><\/a>\n\t\t\t<\/div><\/figure><figure class='gallery-item'>\n\t\t\t<div class='gallery-icon landscape'>\n\t\t\t\t<a href='https:\/\/www.imsalud.gov.co\/web\/sala-de-prensa\/ultimas-noticias\/pruebas-covid-19-en-el-colegio-jose-eusebio-caro\/attachment\/196530858_3955321741244836_665988298921428819_n\/#main'><img loading=\"lazy\" decoding=\"async\" width=\"150\" height=\"150\" src=\"https:\/\/www.imsalud.gov.co\/web\/wp-content\/uploads\/2021\/06\/196530858_3955321741244836_665988298921428819_n-280x280.jpg\" class=\"attachment-thumbnail size-thumbnail\" alt=\"\" \/><\/a>\n\t\t\t<\/div><\/figure><figure class='gallery-item'>\n\t\t\t<div class='gallery-icon landscape'>\n\t\t\t\t<a href='https:\/\/www.imsalud.gov.co\/web\/sala-de-prensa\/ultimas-noticias\/pruebas-covid-19-en-el-colegio-jose-eusebio-caro\/attachment\/197175155_3955322637911413_5102108629540086372_n\/#main'><img loading=\"lazy\" decoding=\"async\" width=\"150\" height=\"150\" src=\"https:\/\/www.imsalud.gov.co\/web\/wp-content\/uploads\/2021\/06\/197175155_3955322637911413_5102108629540086372_n-280x280.jpg\" class=\"attachment-thumbnail size-thumbnail\" alt=\"\" \/><\/a>\n\t\t\t<\/div><\/figure><figure class='gallery-item'>\n\t\t\t<div class='gallery-icon landscape'>\n\t\t\t\t<a href='https:\/\/www.imsalud.gov.co\/web\/sala-de-prensa\/ultimas-noticias\/pruebas-covid-19-en-el-colegio-jose-eusebio-caro\/attachment\/174033561_3955322114578132_1203913009216797063_n\/#main'><img loading=\"lazy\" decoding=\"async\" width=\"150\" height=\"150\" src=\"https:\/\/www.imsalud.gov.co\/web\/wp-content\/uploads\/2021\/06\/174033561_3955322114578132_1203913009216797063_n-280x280.jpg\" class=\"attachment-thumbnail size-thumbnail\" alt=\"\" \/><\/a>\n\t\t\t<\/div><\/figure><figure class='gallery-item'>\n\t\t\t<div class='gallery-icon landscape'>\n\t\t\t\t<a href='https:\/\/www.imsalud.gov.co\/web\/sala-de-prensa\/ultimas-noticias\/pruebas-covid-19-en-el-colegio-jose-eusebio-caro\/attachment\/193207566_3955322327911444_6979679704713234921_n\/#main'><img loading=\"lazy\" decoding=\"async\" width=\"150\" height=\"150\" src=\"https:\/\/www.imsalud.gov.co\/web\/wp-content\/uploads\/2021\/06\/193207566_3955322327911444_6979679704713234921_n-280x280.jpg\" class=\"attachment-thumbnail size-thumbnail\" alt=\"\" \/><\/a>\n\t\t\t<\/div><\/figure><figure class='gallery-item'>\n\t\t\t<div class='gallery-icon landscape'>\n\t\t\t\t<a href='https:\/\/www.imsalud.gov.co\/web\/sala-de-prensa\/ultimas-noticias\/pruebas-covid-19-en-el-colegio-jose-eusebio-caro\/attachment\/196971489_3955321817911495_793249700657275041_n-1\/#main'><img loading=\"lazy\" decoding=\"async\" width=\"150\" height=\"150\" src=\"https:\/\/www.imsalud.gov.co\/web\/wp-content\/uploads\/2021\/06\/196971489_3955321817911495_793249700657275041_n-1-280x280.jpg\" class=\"attachment-thumbnail size-thumbnail\" alt=\"\" \/><\/a>\n\t\t\t<\/div><\/figure>\n\t\t<\/div>\n\n","protected":false},"excerpt":{"rendered":"<p>Imsalud con la Secretar\u00eda de Salud Municipal, contin\u00faa realizando un arduo trabajo para detectar y combatir el covid-19 en la poblaci\u00f3n vulnerable de la ciudad. En esta ocasi\u00f3n, desde el [&#8230;]\n","protected":false},"author":27,"featured_media":38369,"comment_status":"closed","ping_status":"closed","sticky":false,"template":"","format":"standard","meta":{"footnotes":""},"categories":[548,378,74],"tags":[],"class_list":["post-38368","post","type-post","status-publish","format-standard","has-post-thumbnail","hentry","category-noticias","category-pyp","category-ultimas-noticias"],"_links":{"self":[{"href":"https:\/\/www.imsalud.gov.co\/web\/wp-json\/wp\/v2\/posts\/38368","targetHints":{"allow":["GET"]}}],"collection":[{"href":"https:\/\/www.imsalud.gov.co\/web\/wp-json\/wp\/v2\/posts"}],"about":[{"href":"https:\/\/www.imsalud.gov.co\/web\/wp-json\/wp\/v2\/types\/post"}],"author":[{"embeddable":true,"href":"https:\/\/www.imsalud.gov.co\/web\/wp-json\/wp\/v2\/users\/27"}],"replies":[{"embeddable":true,"href":"https:\/\/www.imsalud.gov.co\/web\/wp-json\/wp\/v2\/comments?post=38368"}],"version-history":[{"count":1,"href":"https:\/\/www.imsalud.gov.co\/web\/wp-json\/wp\/v2\/posts\/38368\/revisions"}],"predecessor-version":[{"id":38380,"href":"https:\/\/www.imsalud.gov.co\/web\/wp-json\/wp\/v2\/posts\/38368\/revisions\/38380"}],"wp:featuredmedia":[{"embeddable":true,"href":"https:\/\/www.imsalud.gov.co\/web\/wp-json\/wp\/v2\/media\/38369"}],"wp:attachment":[{"href":"https:\/\/www.imsalud.gov.co\/web\/wp-json\/wp\/v2\/media?parent=38368"}],"wp:term":[{"taxonomy":"category","embeddable":true,"href":"https:\/\/www.imsalud.gov.co\/web\/wp-json\/wp\/v2\/categories?post=38368"},{"taxonomy":"post_tag","embeddable":true,"href":"https:\/\/www.imsalud.gov.co\/web\/wp-json\/wp\/v2\/tags?post=38368"}],"curies":[{"name":"wp","href":"https:\/\/api.w.org\/{rel}","templated":true}]}}