{"id":38330,"date":"2021-06-08T11:47:26","date_gmt":"2021-06-08T16:47:26","guid":{"rendered":"https:\/\/www.imsalud.gov.co\/web\/?p=38330"},"modified":"2021-06-08T15:00:02","modified_gmt":"2021-06-08T20:00:02","slug":"socializacion-matriz-de-peligros-y-ruta-de-reportes-de-accidentes-de-trabajo","status":"publish","type":"post","link":"https:\/\/www.imsalud.gov.co\/web\/sala-de-prensa\/ultimas-noticias\/socializacion-matriz-de-peligros-y-ruta-de-reportes-de-accidentes-de-trabajo\/","title":{"rendered":"SOCIALIZACI\u00d3N MATRIZ DE PELIGROS Y RUTA DE REPORTES DE ACCIDENTES DE TRABAJO"},"content":{"rendered":"<p>La oficina de Seguridad y Salud en el Trabajo, con el fin de hacer inspecci\u00f3n en los puestos de trabajo para actualizar la matriz de peligros de la entidad, socializ\u00f3 en las IPS de Sevilla , Claret y Ospina P\u00e9rez, la ruta de reporte de accidentes de trabajo y s\u00edntomas de Covid &#8211; 19 y el formato de condiciones inseguras para el reporte de los incidentes de trabajo?\u200d\u2640\ufe0f?\u200d\u2642\ufe0f.<br \/>\n#ImsaludFirme<br \/>\n<div id='gallery-1' class='gallery galleryid-38330 gallery-columns-3 gallery-size-thumbnail'><figure class='gallery-item'>\n\t\t\t<div class='gallery-icon landscape'>\n\t\t\t\t<a href='https:\/\/www.imsalud.gov.co\/web\/sala-de-prensa\/ultimas-noticias\/socializacion-matriz-de-peligros-y-ruta-de-reportes-de-accidentes-de-trabajo\/attachment\/187534401_3950028075107536_1657889676593374060_n\/#main'><img loading=\"lazy\" decoding=\"async\" width=\"150\" height=\"150\" src=\"https:\/\/www.imsalud.gov.co\/web\/wp-content\/uploads\/2021\/06\/187534401_3950028075107536_1657889676593374060_n-280x280.jpg\" class=\"attachment-thumbnail size-thumbnail\" alt=\"\" \/><\/a>\n\t\t\t<\/div><\/figure><figure class='gallery-item'>\n\t\t\t<div class='gallery-icon landscape'>\n\t\t\t\t<a href='https:\/\/www.imsalud.gov.co\/web\/sala-de-prensa\/ultimas-noticias\/socializacion-matriz-de-peligros-y-ruta-de-reportes-de-accidentes-de-trabajo\/attachment\/190579528_3950028118440865_3729083058931650919_n\/#main'><img loading=\"lazy\" decoding=\"async\" width=\"150\" height=\"150\" src=\"https:\/\/www.imsalud.gov.co\/web\/wp-content\/uploads\/2021\/06\/190579528_3950028118440865_3729083058931650919_n-280x280.jpg\" class=\"attachment-thumbnail size-thumbnail\" alt=\"\" \/><\/a>\n\t\t\t<\/div><\/figure><figure class='gallery-item'>\n\t\t\t<div class='gallery-icon landscape'>\n\t\t\t\t<a href='https:\/\/www.imsalud.gov.co\/web\/sala-de-prensa\/ultimas-noticias\/socializacion-matriz-de-peligros-y-ruta-de-reportes-de-accidentes-de-trabajo\/attachment\/191189309_3950027851774225_2918094899637031123_n\/#main'><img loading=\"lazy\" decoding=\"async\" width=\"150\" height=\"150\" src=\"https:\/\/www.imsalud.gov.co\/web\/wp-content\/uploads\/2021\/06\/191189309_3950027851774225_2918094899637031123_n-280x280.jpg\" class=\"attachment-thumbnail size-thumbnail\" alt=\"\" \/><\/a>\n\t\t\t<\/div><\/figure><figure class='gallery-item'>\n\t\t\t<div class='gallery-icon portrait'>\n\t\t\t\t<a href='https:\/\/www.imsalud.gov.co\/web\/sala-de-prensa\/ultimas-noticias\/socializacion-matriz-de-peligros-y-ruta-de-reportes-de-accidentes-de-trabajo\/attachment\/193550258_3950027801774230_7044661980495654137_n\/#main'><img loading=\"lazy\" decoding=\"async\" width=\"150\" height=\"150\" src=\"https:\/\/www.imsalud.gov.co\/web\/wp-content\/uploads\/2021\/06\/193550258_3950027801774230_7044661980495654137_n-280x280.jpg\" class=\"attachment-thumbnail size-thumbnail\" alt=\"\" \/><\/a>\n\t\t\t<\/div><\/figure><figure class='gallery-item'>\n\t\t\t<div class='gallery-icon landscape'>\n\t\t\t\t<a href='https:\/\/www.imsalud.gov.co\/web\/sala-de-prensa\/ultimas-noticias\/socializacion-matriz-de-peligros-y-ruta-de-reportes-de-accidentes-de-trabajo\/attachment\/194355418_3950027965107547_7580633074105358341_n\/#main'><img loading=\"lazy\" decoding=\"async\" width=\"150\" height=\"150\" src=\"https:\/\/www.imsalud.gov.co\/web\/wp-content\/uploads\/2021\/06\/194355418_3950027965107547_7580633074105358341_n-280x280.jpg\" class=\"attachment-thumbnail size-thumbnail\" alt=\"\" \/><\/a>\n\t\t\t<\/div><\/figure><figure class='gallery-item'>\n\t\t\t<div class='gallery-icon landscape'>\n\t\t\t\t<a href='https:\/\/www.imsalud.gov.co\/web\/sala-de-prensa\/ultimas-noticias\/socializacion-matriz-de-peligros-y-ruta-de-reportes-de-accidentes-de-trabajo\/attachment\/194905934_3950027918440885_6107721802203968940_n\/#main'><img loading=\"lazy\" decoding=\"async\" width=\"150\" height=\"150\" src=\"https:\/\/www.imsalud.gov.co\/web\/wp-content\/uploads\/2021\/06\/194905934_3950027918440885_6107721802203968940_n-280x280.jpg\" class=\"attachment-thumbnail size-thumbnail\" alt=\"\" \/><\/a>\n\t\t\t<\/div><\/figure><figure class='gallery-item'>\n\t\t\t<div class='gallery-icon landscape'>\n\t\t\t\t<a href='https:\/\/www.imsalud.gov.co\/web\/sala-de-prensa\/ultimas-noticias\/socializacion-matriz-de-peligros-y-ruta-de-reportes-de-accidentes-de-trabajo\/attachment\/195426423_3950028008440876_3269543366184539028_n\/#main'><img loading=\"lazy\" decoding=\"async\" width=\"150\" height=\"150\" src=\"https:\/\/www.imsalud.gov.co\/web\/wp-content\/uploads\/2021\/06\/195426423_3950028008440876_3269543366184539028_n-280x280.jpg\" class=\"attachment-thumbnail size-thumbnail\" alt=\"\" \/><\/a>\n\t\t\t<\/div><\/figure>\n\t\t<\/div>\n\n","protected":false},"excerpt":{"rendered":"<p>La oficina de Seguridad y Salud en el Trabajo, con el fin de hacer inspecci\u00f3n en los puestos de trabajo para actualizar la matriz de peligros de la entidad, socializ\u00f3 [&#8230;]\n","protected":false},"author":27,"featured_media":38338,"comment_status":"closed","ping_status":"closed","sticky":false,"template":"","format":"standard","meta":{"footnotes":""},"categories":[548,399,74],"tags":[],"class_list":["post-38330","post","type-post","status-publish","format-standard","has-post-thumbnail","hentry","category-noticias","category-sgsst","category-ultimas-noticias"],"_links":{"self":[{"href":"https:\/\/www.imsalud.gov.co\/web\/wp-json\/wp\/v2\/posts\/38330","targetHints":{"allow":["GET"]}}],"collection":[{"href":"https:\/\/www.imsalud.gov.co\/web\/wp-json\/wp\/v2\/posts"}],"about":[{"href":"https:\/\/www.imsalud.gov.co\/web\/wp-json\/wp\/v2\/types\/post"}],"author":[{"embeddable":true,"href":"https:\/\/www.imsalud.gov.co\/web\/wp-json\/wp\/v2\/users\/27"}],"replies":[{"embeddable":true,"href":"https:\/\/www.imsalud.gov.co\/web\/wp-json\/wp\/v2\/comments?post=38330"}],"version-history":[{"count":1,"href":"https:\/\/www.imsalud.gov.co\/web\/wp-json\/wp\/v2\/posts\/38330\/revisions"}],"predecessor-version":[{"id":38339,"href":"https:\/\/www.imsalud.gov.co\/web\/wp-json\/wp\/v2\/posts\/38330\/revisions\/38339"}],"wp:featuredmedia":[{"embeddable":true,"href":"https:\/\/www.imsalud.gov.co\/web\/wp-json\/wp\/v2\/media\/38338"}],"wp:attachment":[{"href":"https:\/\/www.imsalud.gov.co\/web\/wp-json\/wp\/v2\/media?parent=38330"}],"wp:term":[{"taxonomy":"category","embeddable":true,"href":"https:\/\/www.imsalud.gov.co\/web\/wp-json\/wp\/v2\/categories?post=38330"},{"taxonomy":"post_tag","embeddable":true,"href":"https:\/\/www.imsalud.gov.co\/web\/wp-json\/wp\/v2\/tags?post=38330"}],"curies":[{"name":"wp","href":"https:\/\/api.w.org\/{rel}","templated":true}]}}