{"id":31080,"date":"2020-10-09T08:31:16","date_gmt":"2020-10-09T13:31:16","guid":{"rendered":"https:\/\/www.imsalud.gov.co\/web\/?p=31080"},"modified":"2020-10-09T08:31:16","modified_gmt":"2020-10-09T13:31:16","slug":"ofreciendo-servicios-de-promocion-y-prevencion-en-el-corregimiento-de-san-faustino","status":"publish","type":"post","link":"https:\/\/www.imsalud.gov.co\/web\/sala-de-prensa\/ultimas-noticias\/ofreciendo-servicios-de-promocion-y-prevencion-en-el-corregimiento-de-san-faustino\/","title":{"rendered":"OFRECIENDO SERVICIOS DE PROMOCI\u00d3N Y PREVENCI\u00d3N EN EL CORREGIMIENTO DE SAN FAUSTINO"},"content":{"rendered":"<p>En el corregimiento de San Faustino a trav\u00e9s de la jornada de \u201cEntornos Protectores\u201d de la Secretaria de Posconflicto y Cultura de Paz, nuestro equipo de la unidad m\u00f3vil ofreci\u00f3 la mejor atenci\u00f3n a la comunidad, brindando servicios de medicina general, higiene oral, control del joven, el adulto y el adulto mayor.<br \/>\n#SuBienestarEsNuestraPrioridad<br \/>\n<div id='gallery-1' class='gallery galleryid-31080 gallery-columns-3 gallery-size-thumbnail'><figure class='gallery-item'>\n\t\t\t<div class='gallery-icon landscape'>\n\t\t\t\t<a href='https:\/\/www.imsalud.gov.co\/web\/sala-de-prensa\/ultimas-noticias\/ofreciendo-servicios-de-promocion-y-prevencion-en-el-corregimiento-de-san-faustino\/attachment\/img_1431\/#main'><img loading=\"lazy\" decoding=\"async\" width=\"150\" height=\"150\" src=\"https:\/\/www.imsalud.gov.co\/web\/wp-content\/uploads\/2020\/10\/IMG_1431-280x280.jpg\" class=\"attachment-thumbnail size-thumbnail\" alt=\"\" \/><\/a>\n\t\t\t<\/div><\/figure><figure class='gallery-item'>\n\t\t\t<div class='gallery-icon landscape'>\n\t\t\t\t<a href='https:\/\/www.imsalud.gov.co\/web\/sala-de-prensa\/ultimas-noticias\/ofreciendo-servicios-de-promocion-y-prevencion-en-el-corregimiento-de-san-faustino\/attachment\/img_1437\/#main'><img loading=\"lazy\" decoding=\"async\" width=\"150\" height=\"150\" src=\"https:\/\/www.imsalud.gov.co\/web\/wp-content\/uploads\/2020\/10\/IMG_1437-280x280.jpg\" class=\"attachment-thumbnail size-thumbnail\" alt=\"\" \/><\/a>\n\t\t\t<\/div><\/figure><figure class='gallery-item'>\n\t\t\t<div class='gallery-icon landscape'>\n\t\t\t\t<a href='https:\/\/www.imsalud.gov.co\/web\/sala-de-prensa\/ultimas-noticias\/ofreciendo-servicios-de-promocion-y-prevencion-en-el-corregimiento-de-san-faustino\/attachment\/img_1434\/#main'><img loading=\"lazy\" decoding=\"async\" width=\"150\" height=\"150\" src=\"https:\/\/www.imsalud.gov.co\/web\/wp-content\/uploads\/2020\/10\/IMG_1434-280x280.jpg\" class=\"attachment-thumbnail size-thumbnail\" alt=\"\" \/><\/a>\n\t\t\t<\/div><\/figure><figure class='gallery-item'>\n\t\t\t<div class='gallery-icon landscape'>\n\t\t\t\t<a href='https:\/\/www.imsalud.gov.co\/web\/sala-de-prensa\/ultimas-noticias\/ofreciendo-servicios-de-promocion-y-prevencion-en-el-corregimiento-de-san-faustino\/attachment\/img_1467\/#main'><img loading=\"lazy\" decoding=\"async\" width=\"150\" height=\"150\" src=\"https:\/\/www.imsalud.gov.co\/web\/wp-content\/uploads\/2020\/10\/IMG_1467-280x280.jpg\" class=\"attachment-thumbnail size-thumbnail\" alt=\"\" \/><\/a>\n\t\t\t<\/div><\/figure><figure class='gallery-item'>\n\t\t\t<div class='gallery-icon landscape'>\n\t\t\t\t<a href='https:\/\/www.imsalud.gov.co\/web\/sala-de-prensa\/ultimas-noticias\/ofreciendo-servicios-de-promocion-y-prevencion-en-el-corregimiento-de-san-faustino\/attachment\/img_1454\/#main'><img loading=\"lazy\" decoding=\"async\" width=\"150\" height=\"150\" src=\"https:\/\/www.imsalud.gov.co\/web\/wp-content\/uploads\/2020\/10\/IMG_1454-280x280.jpg\" class=\"attachment-thumbnail size-thumbnail\" alt=\"\" \/><\/a>\n\t\t\t<\/div><\/figure><figure class='gallery-item'>\n\t\t\t<div class='gallery-icon portrait'>\n\t\t\t\t<a href='https:\/\/www.imsalud.gov.co\/web\/sala-de-prensa\/ultimas-noticias\/ofreciendo-servicios-de-promocion-y-prevencion-en-el-corregimiento-de-san-faustino\/attachment\/img_1474\/#main'><img loading=\"lazy\" decoding=\"async\" width=\"150\" height=\"150\" src=\"https:\/\/www.imsalud.gov.co\/web\/wp-content\/uploads\/2020\/10\/IMG_1474-280x280.jpg\" class=\"attachment-thumbnail size-thumbnail\" alt=\"\" \/><\/a>\n\t\t\t<\/div><\/figure><figure class='gallery-item'>\n\t\t\t<div class='gallery-icon landscape'>\n\t\t\t\t<a href='https:\/\/www.imsalud.gov.co\/web\/sala-de-prensa\/ultimas-noticias\/ofreciendo-servicios-de-promocion-y-prevencion-en-el-corregimiento-de-san-faustino\/attachment\/img_1475\/#main'><img loading=\"lazy\" decoding=\"async\" width=\"150\" height=\"150\" src=\"https:\/\/www.imsalud.gov.co\/web\/wp-content\/uploads\/2020\/10\/IMG_1475-280x280.jpg\" class=\"attachment-thumbnail size-thumbnail\" alt=\"\" \/><\/a>\n\t\t\t<\/div><\/figure><figure class='gallery-item'>\n\t\t\t<div class='gallery-icon portrait'>\n\t\t\t\t<a href='https:\/\/www.imsalud.gov.co\/web\/sala-de-prensa\/ultimas-noticias\/ofreciendo-servicios-de-promocion-y-prevencion-en-el-corregimiento-de-san-faustino\/attachment\/img_1509-2\/#main'><img loading=\"lazy\" decoding=\"async\" width=\"150\" height=\"150\" src=\"https:\/\/www.imsalud.gov.co\/web\/wp-content\/uploads\/2020\/10\/IMG_1509-280x280.jpg\" class=\"attachment-thumbnail size-thumbnail\" alt=\"\" \/><\/a>\n\t\t\t<\/div><\/figure>\n\t\t<\/div>\n\n","protected":false},"excerpt":{"rendered":"<p>En el corregimiento de San Faustino a trav\u00e9s de la jornada de \u201cEntornos Protectores\u201d de la Secretaria de Posconflicto y Cultura de Paz, nuestro equipo de la unidad m\u00f3vil ofreci\u00f3 [&#8230;]\n","protected":false},"author":27,"featured_media":31081,"comment_status":"open","ping_status":"open","sticky":false,"template":"","format":"standard","meta":{"footnotes":""},"categories":[548,74],"tags":[],"class_list":["post-31080","post","type-post","status-publish","format-standard","has-post-thumbnail","hentry","category-noticias","category-ultimas-noticias"],"_links":{"self":[{"href":"https:\/\/www.imsalud.gov.co\/web\/wp-json\/wp\/v2\/posts\/31080","targetHints":{"allow":["GET"]}}],"collection":[{"href":"https:\/\/www.imsalud.gov.co\/web\/wp-json\/wp\/v2\/posts"}],"about":[{"href":"https:\/\/www.imsalud.gov.co\/web\/wp-json\/wp\/v2\/types\/post"}],"author":[{"embeddable":true,"href":"https:\/\/www.imsalud.gov.co\/web\/wp-json\/wp\/v2\/users\/27"}],"replies":[{"embeddable":true,"href":"https:\/\/www.imsalud.gov.co\/web\/wp-json\/wp\/v2\/comments?post=31080"}],"version-history":[{"count":2,"href":"https:\/\/www.imsalud.gov.co\/web\/wp-json\/wp\/v2\/posts\/31080\/revisions"}],"predecessor-version":[{"id":31091,"href":"https:\/\/www.imsalud.gov.co\/web\/wp-json\/wp\/v2\/posts\/31080\/revisions\/31091"}],"wp:featuredmedia":[{"embeddable":true,"href":"https:\/\/www.imsalud.gov.co\/web\/wp-json\/wp\/v2\/media\/31081"}],"wp:attachment":[{"href":"https:\/\/www.imsalud.gov.co\/web\/wp-json\/wp\/v2\/media?parent=31080"}],"wp:term":[{"taxonomy":"category","embeddable":true,"href":"https:\/\/www.imsalud.gov.co\/web\/wp-json\/wp\/v2\/categories?post=31080"},{"taxonomy":"post_tag","embeddable":true,"href":"https:\/\/www.imsalud.gov.co\/web\/wp-json\/wp\/v2\/tags?post=31080"}],"curies":[{"name":"wp","href":"https:\/\/api.w.org\/{rel}","templated":true}]}}