{"id":31062,"date":"2020-10-09T07:00:32","date_gmt":"2020-10-09T12:00:32","guid":{"rendered":"https:\/\/www.imsalud.gov.co\/web\/?p=31062"},"modified":"2020-10-09T08:37:31","modified_gmt":"2020-10-09T13:37:31","slug":"dia-nacional-del-archivista","status":"publish","type":"post","link":"https:\/\/www.imsalud.gov.co\/web\/sala-de-prensa\/ultimas-noticias\/dia-nacional-del-archivista\/","title":{"rendered":"D\u00cdA NACIONAL DEL ARCHIVISTA"},"content":{"rendered":"<p>La E.S.E IMSALUD en cabeza del Dr. Juan Agust\u00edn Ram\u00edrez Montoya y todos sus trabajadores se unen a la celebraci\u00f3n del d\u00eda nacional de los Archivos, profesi\u00f3n valiosa, cuyo objetivo es garantizar la conservaci\u00f3n del patrimonio documental y el valor que tienen los documentos de archivo.<\/p>\n<p>\u00abLos archivos protegen decisiones, acciones y memorias, preservan el patrimonio \u00fanico e irremplazable transmitido de generaci\u00f3n en generaci\u00f3n. Los documentos se gestionan desde el inicio del archivo para mantener su valor, significado y son una fuente confiable de informaci\u00f3n. Debido a esto, la seguridad de las acciones administrativas est\u00e1 garantizada. La informaci\u00f3n y la transparencia desempe\u00f1an un papel fundamental en el desarrollo social, ayuda a construir y mantener la memoria personal y colectiva. El libre acceso a los archivos enriquece nuestro conocimiento social, promueve la democracia, protege los derechos de los ciudadanos y mejora la calidad de vida\u00bb.<\/p>\n<p>\u00a1 Felicidades a nuestros archivistas en su d\u00eda !<\/p>\n<p>#SuBienestarEsNuestraPrioridad<\/p>\n<p>Dise\u00f1o gr\u00e1fico y contenido: Esperanza Ocando &#8211; Fotograf\u00eda: Elizabeth Alba<\/p>\n<div id='gallery-1' class='gallery galleryid-31062 gallery-columns-3 gallery-size-thumbnail'><figure class='gallery-item'>\n\t\t\t<div class='gallery-icon landscape'>\n\t\t\t\t<a href='https:\/\/www.imsalud.gov.co\/web\/sala-de-prensa\/ultimas-noticias\/dia-nacional-del-archivista\/attachment\/img_1318\/#main'><img loading=\"lazy\" decoding=\"async\" width=\"150\" height=\"150\" src=\"https:\/\/www.imsalud.gov.co\/web\/wp-content\/uploads\/2020\/10\/IMG_1318-280x280.jpg\" class=\"attachment-thumbnail size-thumbnail\" alt=\"\" \/><\/a>\n\t\t\t<\/div><\/figure><figure class='gallery-item'>\n\t\t\t<div class='gallery-icon landscape'>\n\t\t\t\t<a href='https:\/\/www.imsalud.gov.co\/web\/sala-de-prensa\/ultimas-noticias\/dia-nacional-del-archivista\/attachment\/img_1369\/#main'><img loading=\"lazy\" decoding=\"async\" width=\"150\" height=\"150\" src=\"https:\/\/www.imsalud.gov.co\/web\/wp-content\/uploads\/2020\/10\/IMG_1369-280x280.jpg\" class=\"attachment-thumbnail size-thumbnail\" alt=\"\" \/><\/a>\n\t\t\t<\/div><\/figure><figure class='gallery-item'>\n\t\t\t<div class='gallery-icon landscape'>\n\t\t\t\t<a href='https:\/\/www.imsalud.gov.co\/web\/sala-de-prensa\/ultimas-noticias\/dia-nacional-del-archivista\/attachment\/img_1380\/#main'><img loading=\"lazy\" decoding=\"async\" width=\"150\" height=\"150\" src=\"https:\/\/www.imsalud.gov.co\/web\/wp-content\/uploads\/2020\/10\/IMG_1380-280x280.jpg\" class=\"attachment-thumbnail size-thumbnail\" alt=\"\" \/><\/a>\n\t\t\t<\/div><\/figure><figure class='gallery-item'>\n\t\t\t<div class='gallery-icon landscape'>\n\t\t\t\t<a href='https:\/\/www.imsalud.gov.co\/web\/sala-de-prensa\/ultimas-noticias\/dia-nacional-del-archivista\/attachment\/img_1386\/#main'><img loading=\"lazy\" decoding=\"async\" width=\"150\" height=\"150\" src=\"https:\/\/www.imsalud.gov.co\/web\/wp-content\/uploads\/2020\/10\/IMG_1386-280x280.jpg\" class=\"attachment-thumbnail size-thumbnail\" alt=\"\" \/><\/a>\n\t\t\t<\/div><\/figure><figure class='gallery-item'>\n\t\t\t<div class='gallery-icon landscape'>\n\t\t\t\t<a href='https:\/\/www.imsalud.gov.co\/web\/sala-de-prensa\/ultimas-noticias\/dia-nacional-del-archivista\/attachment\/img_1390\/#main'><img loading=\"lazy\" decoding=\"async\" width=\"150\" height=\"150\" src=\"https:\/\/www.imsalud.gov.co\/web\/wp-content\/uploads\/2020\/10\/IMG_1390-280x280.jpg\" class=\"attachment-thumbnail size-thumbnail\" alt=\"\" \/><\/a>\n\t\t\t<\/div><\/figure><figure class='gallery-item'>\n\t\t\t<div class='gallery-icon landscape'>\n\t\t\t\t<a href='https:\/\/www.imsalud.gov.co\/web\/sala-de-prensa\/ultimas-noticias\/dia-nacional-del-archivista\/attachment\/img_1396\/#main'><img loading=\"lazy\" decoding=\"async\" width=\"150\" height=\"150\" src=\"https:\/\/www.imsalud.gov.co\/web\/wp-content\/uploads\/2020\/10\/IMG_1396-280x280.jpg\" class=\"attachment-thumbnail size-thumbnail\" alt=\"\" \/><\/a>\n\t\t\t<\/div><\/figure><figure class='gallery-item'>\n\t\t\t<div class='gallery-icon landscape'>\n\t\t\t\t<a href='https:\/\/www.imsalud.gov.co\/web\/sala-de-prensa\/ultimas-noticias\/dia-nacional-del-archivista\/attachment\/img_1401\/#main'><img loading=\"lazy\" decoding=\"async\" width=\"150\" height=\"150\" src=\"https:\/\/www.imsalud.gov.co\/web\/wp-content\/uploads\/2020\/10\/IMG_1401-280x280.jpg\" class=\"attachment-thumbnail size-thumbnail\" alt=\"\" \/><\/a>\n\t\t\t<\/div><\/figure><figure class='gallery-item'>\n\t\t\t<div class='gallery-icon landscape'>\n\t\t\t\t<a href='https:\/\/www.imsalud.gov.co\/web\/sala-de-prensa\/ultimas-noticias\/imsalud-capacitando-los-contratistas-y-funcionarios-en-comunicaciones-internas\/attachment\/img_1388\/#main'><img loading=\"lazy\" decoding=\"async\" width=\"150\" height=\"150\" src=\"https:\/\/www.imsalud.gov.co\/web\/wp-content\/uploads\/2020\/10\/IMG_1388-280x280.jpg\" class=\"attachment-thumbnail size-thumbnail\" alt=\"\" \/><\/a>\n\t\t\t<\/div><\/figure>\n\t\t<\/div>\n\n<p>&nbsp;<\/p>\n","protected":false},"excerpt":{"rendered":"<p>La E.S.E IMSALUD en cabeza del Dr. Juan Agust\u00edn Ram\u00edrez Montoya y todos sus trabajadores se unen a la celebraci\u00f3n del d\u00eda nacional de los Archivos, profesi\u00f3n valiosa, cuyo objetivo [&#8230;]\n","protected":false},"author":19,"featured_media":31063,"comment_status":"open","ping_status":"open","sticky":false,"template":"","format":"standard","meta":{"footnotes":""},"categories":[74],"tags":[],"class_list":["post-31062","post","type-post","status-publish","format-standard","has-post-thumbnail","hentry","category-ultimas-noticias"],"_links":{"self":[{"href":"https:\/\/www.imsalud.gov.co\/web\/wp-json\/wp\/v2\/posts\/31062","targetHints":{"allow":["GET"]}}],"collection":[{"href":"https:\/\/www.imsalud.gov.co\/web\/wp-json\/wp\/v2\/posts"}],"about":[{"href":"https:\/\/www.imsalud.gov.co\/web\/wp-json\/wp\/v2\/types\/post"}],"author":[{"embeddable":true,"href":"https:\/\/www.imsalud.gov.co\/web\/wp-json\/wp\/v2\/users\/19"}],"replies":[{"embeddable":true,"href":"https:\/\/www.imsalud.gov.co\/web\/wp-json\/wp\/v2\/comments?post=31062"}],"version-history":[{"count":7,"href":"https:\/\/www.imsalud.gov.co\/web\/wp-json\/wp\/v2\/posts\/31062\/revisions"}],"predecessor-version":[{"id":31094,"href":"https:\/\/www.imsalud.gov.co\/web\/wp-json\/wp\/v2\/posts\/31062\/revisions\/31094"}],"wp:featuredmedia":[{"embeddable":true,"href":"https:\/\/www.imsalud.gov.co\/web\/wp-json\/wp\/v2\/media\/31063"}],"wp:attachment":[{"href":"https:\/\/www.imsalud.gov.co\/web\/wp-json\/wp\/v2\/media?parent=31062"}],"wp:term":[{"taxonomy":"category","embeddable":true,"href":"https:\/\/www.imsalud.gov.co\/web\/wp-json\/wp\/v2\/categories?post=31062"},{"taxonomy":"post_tag","embeddable":true,"href":"https:\/\/www.imsalud.gov.co\/web\/wp-json\/wp\/v2\/tags?post=31062"}],"curies":[{"name":"wp","href":"https:\/\/api.w.org\/{rel}","templated":true}]}}