{"id":31034,"date":"2020-10-08T12:29:24","date_gmt":"2020-10-08T17:29:24","guid":{"rendered":"https:\/\/www.imsalud.gov.co\/web\/?p=31034"},"modified":"2020-10-08T12:29:24","modified_gmt":"2020-10-08T17:29:24","slug":"disponible-modulo-general-de-induccion-virtual-para-los-colaboradores-de-la-e-s-e-imsalud","status":"publish","type":"post","link":"https:\/\/www.imsalud.gov.co\/web\/sala-de-prensa\/ultimas-noticias\/disponible-modulo-general-de-induccion-virtual-para-los-colaboradores-de-la-e-s-e-imsalud\/","title":{"rendered":"DISPONIBLE M\u00d3DULO GENERAL DE INDUCCI\u00d3N VIRTUAL PARA LOS COLABORADORES DE LA E.S.E. IMSALUD"},"content":{"rendered":"<p>Ya se encuentra disponible M\u00f3dulo General de Inducci\u00f3n Virtual para los Colaboradores de la E. S. E. Imsalud, a trav\u00e9s de la p\u00e1gina web en el siguiente enlace <a href=\"https:\/\/imsalud.gov.co\/capacita\/\">https:\/\/imsalud.gov.co\/capacita\/<\/a><\/p>\n<p>#SuBienestarEsNuestraPrioridad<\/p>\n","protected":false},"excerpt":{"rendered":"<p>Ya se encuentra disponible M\u00f3dulo General de Inducci\u00f3n Virtual para los Colaboradores de la E. S. E. Imsalud, a trav\u00e9s de la p\u00e1gina web en el siguiente enlace https:\/\/imsalud.gov.co\/capacita\/ #SuBienestarEsNuestraPrioridad<\/p>\n","protected":false},"author":19,"featured_media":31035,"comment_status":"open","ping_status":"open","sticky":false,"template":"","format":"standard","meta":{"footnotes":""},"categories":[74],"tags":[],"class_list":["post-31034","post","type-post","status-publish","format-standard","has-post-thumbnail","hentry","category-ultimas-noticias"],"_links":{"self":[{"href":"https:\/\/www.imsalud.gov.co\/web\/wp-json\/wp\/v2\/posts\/31034","targetHints":{"allow":["GET"]}}],"collection":[{"href":"https:\/\/www.imsalud.gov.co\/web\/wp-json\/wp\/v2\/posts"}],"about":[{"href":"https:\/\/www.imsalud.gov.co\/web\/wp-json\/wp\/v2\/types\/post"}],"author":[{"embeddable":true,"href":"https:\/\/www.imsalud.gov.co\/web\/wp-json\/wp\/v2\/users\/19"}],"replies":[{"embeddable":true,"href":"https:\/\/www.imsalud.gov.co\/web\/wp-json\/wp\/v2\/comments?post=31034"}],"version-history":[{"count":2,"href":"https:\/\/www.imsalud.gov.co\/web\/wp-json\/wp\/v2\/posts\/31034\/revisions"}],"predecessor-version":[{"id":31038,"href":"https:\/\/www.imsalud.gov.co\/web\/wp-json\/wp\/v2\/posts\/31034\/revisions\/31038"}],"wp:featuredmedia":[{"embeddable":true,"href":"https:\/\/www.imsalud.gov.co\/web\/wp-json\/wp\/v2\/media\/31035"}],"wp:attachment":[{"href":"https:\/\/www.imsalud.gov.co\/web\/wp-json\/wp\/v2\/media?parent=31034"}],"wp:term":[{"taxonomy":"category","embeddable":true,"href":"https:\/\/www.imsalud.gov.co\/web\/wp-json\/wp\/v2\/categories?post=31034"},{"taxonomy":"post_tag","embeddable":true,"href":"https:\/\/www.imsalud.gov.co\/web\/wp-json\/wp\/v2\/tags?post=31034"}],"curies":[{"name":"wp","href":"https:\/\/api.w.org\/{rel}","templated":true}]}}