{"id":30671,"date":"2020-09-28T15:22:05","date_gmt":"2020-09-28T20:22:05","guid":{"rendered":"https:\/\/www.imsalud.gov.co\/web\/?p=30671"},"modified":"2020-09-28T15:22:05","modified_gmt":"2020-09-28T20:22:05","slug":"la-familia-de-e-s-e-imsalud-lamenta-el-fallecimiento-de-la-sra-flor-elva-correa-suarez","status":"publish","type":"post","link":"https:\/\/www.imsalud.gov.co\/web\/sala-de-prensa\/ultimas-noticias\/la-familia-de-e-s-e-imsalud-lamenta-el-fallecimiento-de-la-sra-flor-elva-correa-suarez\/","title":{"rendered":"La familia de E.S.E IMSALUD Lamenta el fallecimiento de la Sra. Flor Elva Correa Su\u00e1rez"},"content":{"rendered":"<div class=\"\" data-block=\"true\" data-editor=\"9r7ec\" data-offset-key=\"d0uk-0-0\">\n<div class=\"_1mf _1mj\" data-offset-key=\"d0uk-0-0\"><span data-offset-key=\"d0uk-0-0\">Expresamos sentidas y profundas condolencias ante el fallecimiento de la se\u00f1ora Sra. Flor Elva Correa Su\u00e1rez madre de nuestra funcionaria, compa\u00f1era y amiga Kelly Katherine Galvis Correa, as\u00ed mismo<\/span><span data-offset-key=\"bn2qk-0-0\"> extendemos un mensaje de solidaridad a sus familiares, compa\u00f1eros y amigos. Descanse en paz.<\/span><\/div>\n<\/div>\n","protected":false},"excerpt":{"rendered":"<p>Expresamos sentidas y profundas condolencias ante el fallecimiento de la se\u00f1ora Sra. Flor Elva Correa Su\u00e1rez madre de nuestra funcionaria, compa\u00f1era y amiga Kelly Katherine Galvis Correa, as\u00ed mismo extendemos [&#8230;]\n","protected":false},"author":19,"featured_media":30672,"comment_status":"open","ping_status":"open","sticky":false,"template":"","format":"standard","meta":{"footnotes":""},"categories":[74],"tags":[],"class_list":["post-30671","post","type-post","status-publish","format-standard","has-post-thumbnail","hentry","category-ultimas-noticias"],"_links":{"self":[{"href":"https:\/\/www.imsalud.gov.co\/web\/wp-json\/wp\/v2\/posts\/30671","targetHints":{"allow":["GET"]}}],"collection":[{"href":"https:\/\/www.imsalud.gov.co\/web\/wp-json\/wp\/v2\/posts"}],"about":[{"href":"https:\/\/www.imsalud.gov.co\/web\/wp-json\/wp\/v2\/types\/post"}],"author":[{"embeddable":true,"href":"https:\/\/www.imsalud.gov.co\/web\/wp-json\/wp\/v2\/users\/19"}],"replies":[{"embeddable":true,"href":"https:\/\/www.imsalud.gov.co\/web\/wp-json\/wp\/v2\/comments?post=30671"}],"version-history":[{"count":1,"href":"https:\/\/www.imsalud.gov.co\/web\/wp-json\/wp\/v2\/posts\/30671\/revisions"}],"predecessor-version":[{"id":30673,"href":"https:\/\/www.imsalud.gov.co\/web\/wp-json\/wp\/v2\/posts\/30671\/revisions\/30673"}],"wp:featuredmedia":[{"embeddable":true,"href":"https:\/\/www.imsalud.gov.co\/web\/wp-json\/wp\/v2\/media\/30672"}],"wp:attachment":[{"href":"https:\/\/www.imsalud.gov.co\/web\/wp-json\/wp\/v2\/media?parent=30671"}],"wp:term":[{"taxonomy":"category","embeddable":true,"href":"https:\/\/www.imsalud.gov.co\/web\/wp-json\/wp\/v2\/categories?post=30671"},{"taxonomy":"post_tag","embeddable":true,"href":"https:\/\/www.imsalud.gov.co\/web\/wp-json\/wp\/v2\/tags?post=30671"}],"curies":[{"name":"wp","href":"https:\/\/api.w.org\/{rel}","templated":true}]}}