{"id":30663,"date":"2020-09-28T15:45:49","date_gmt":"2020-09-28T20:45:49","guid":{"rendered":"https:\/\/www.imsalud.gov.co\/web\/?p=30663"},"modified":"2020-09-28T15:45:49","modified_gmt":"2020-09-28T20:45:49","slug":"brigadas-de-insercion-implante-anticonceptivo","status":"publish","type":"post","link":"https:\/\/www.imsalud.gov.co\/web\/sala-de-prensa\/ultimas-noticias\/brigadas-de-insercion-implante-anticonceptivo\/","title":{"rendered":"BRIGADAS DE INSERCI\u00d3N IMPLANTE ANTICONCEPTIVO"},"content":{"rendered":"<p>La E.S.E Imsalud encabezada por el Dr. Juan Agust\u00edn Ram\u00edrez Montoya de la mano con la Sub Gerencia de Atenci\u00f3n en Salud y la Oficina de Promoci\u00f3n y Prevenci\u00f3n llevan a cabo Brigadas de Inserci\u00f3n de implantes anticonceptivos subd\u00e9rmicos para usuarias de COODSALUD que tengan servicios con nuestra entidad y que deseen realizar la inserci\u00f3n del implante anticonceptivo como m\u00e9todo de planificaci\u00f3n familiar, el cual estar\u00e1 disponible cualquier d\u00eda de la semana en toda nuestra red prestadora de servicios.<\/p>\n<p>#SuBienestarEsNuestraPrioridad<\/p>\n","protected":false},"excerpt":{"rendered":"<p>La E.S.E Imsalud encabezada por el Dr. Juan Agust\u00edn Ram\u00edrez Montoya de la mano con la Sub Gerencia de Atenci\u00f3n en Salud y la Oficina de Promoci\u00f3n y Prevenci\u00f3n llevan [&#8230;]\n","protected":false},"author":19,"featured_media":30667,"comment_status":"open","ping_status":"open","sticky":false,"template":"","format":"standard","meta":{"footnotes":""},"categories":[74],"tags":[],"class_list":["post-30663","post","type-post","status-publish","format-standard","has-post-thumbnail","hentry","category-ultimas-noticias"],"_links":{"self":[{"href":"https:\/\/www.imsalud.gov.co\/web\/wp-json\/wp\/v2\/posts\/30663","targetHints":{"allow":["GET"]}}],"collection":[{"href":"https:\/\/www.imsalud.gov.co\/web\/wp-json\/wp\/v2\/posts"}],"about":[{"href":"https:\/\/www.imsalud.gov.co\/web\/wp-json\/wp\/v2\/types\/post"}],"author":[{"embeddable":true,"href":"https:\/\/www.imsalud.gov.co\/web\/wp-json\/wp\/v2\/users\/19"}],"replies":[{"embeddable":true,"href":"https:\/\/www.imsalud.gov.co\/web\/wp-json\/wp\/v2\/comments?post=30663"}],"version-history":[{"count":4,"href":"https:\/\/www.imsalud.gov.co\/web\/wp-json\/wp\/v2\/posts\/30663\/revisions"}],"predecessor-version":[{"id":30670,"href":"https:\/\/www.imsalud.gov.co\/web\/wp-json\/wp\/v2\/posts\/30663\/revisions\/30670"}],"wp:featuredmedia":[{"embeddable":true,"href":"https:\/\/www.imsalud.gov.co\/web\/wp-json\/wp\/v2\/media\/30667"}],"wp:attachment":[{"href":"https:\/\/www.imsalud.gov.co\/web\/wp-json\/wp\/v2\/media?parent=30663"}],"wp:term":[{"taxonomy":"category","embeddable":true,"href":"https:\/\/www.imsalud.gov.co\/web\/wp-json\/wp\/v2\/categories?post=30663"},{"taxonomy":"post_tag","embeddable":true,"href":"https:\/\/www.imsalud.gov.co\/web\/wp-json\/wp\/v2\/tags?post=30663"}],"curies":[{"name":"wp","href":"https:\/\/api.w.org\/{rel}","templated":true}]}}