{"id":30659,"date":"2020-09-28T10:11:01","date_gmt":"2020-09-28T15:11:01","guid":{"rendered":"https:\/\/www.imsalud.gov.co\/web\/?p=30659"},"modified":"2020-09-28T10:11:01","modified_gmt":"2020-09-28T15:11:01","slug":"jornadas-de-citologia-2","status":"publish","type":"post","link":"https:\/\/www.imsalud.gov.co\/web\/sala-de-prensa\/ultimas-noticias\/jornadas-de-citologia-2\/","title":{"rendered":"JORNADAS DE CITOLOG\u00cdA"},"content":{"rendered":"<p>La E.S.E Imsalud llevar\u00e1 a cabo este 30 de Septiembre, 01 y 02 de Octubre nuevamente Jornadas de Citolog\u00eda, Planificaci\u00f3n Familiar y orden para Tomas de mamograf\u00edas a mujeres de 25 a 69 a\u00f1os afiliadas a nuestra red prestadora de servicios.<\/p>\n<p>Extendemos la invitaci\u00f3n a nuestras usuarias a participar en esta segunda jornada especial de citolog\u00eda, este examen no tiene ning\u00fan costo, dir\u00edgete a la m\u00e1s IPS o UBA m\u00e1s cercana de la E.S.E IMSALUD.<\/p>\n<p>Te aconsejamos que al momento de hacerte el examen tengas en cuenta las siguientes recomendaciones:<\/p>\n<ul>\n<li>No hacerte duchas vaginales ni tener relaciones sexuales 24 horas antes del examen.<\/li>\n<li>No haberte aplicado medicamentos v\u00eda vaginal 8 d\u00edas antes de examen.<\/li>\n<li>La toma se realiza, preferiblemente, sin la menstruaci\u00f3n.<\/li>\n<li>Te invitamos a solicitar tu cita en la IPS asignada, consulta nuestra red de IPS.<\/li>\n<\/ul>\n<p>Recuerda que debes realizarte la citolog\u00eda cada a\u00f1o seg\u00fan las indicaciones de tu m\u00e9dico, un diagn\u00f3stico a tiempo puede hacer la diferencia.<\/p>\n<p>#TuBienestarEsNuestraPrioridad<\/p>\n<p>&nbsp;<\/p>\n","protected":false},"excerpt":{"rendered":"<p>La E.S.E Imsalud llevar\u00e1 a cabo este 30 de Septiembre, 01 y 02 de Octubre nuevamente Jornadas de Citolog\u00eda, Planificaci\u00f3n Familiar y orden para Tomas de mamograf\u00edas a mujeres de [&#8230;]\n","protected":false},"author":19,"featured_media":30660,"comment_status":"open","ping_status":"open","sticky":false,"template":"","format":"standard","meta":{"footnotes":""},"categories":[74],"tags":[],"class_list":["post-30659","post","type-post","status-publish","format-standard","has-post-thumbnail","hentry","category-ultimas-noticias"],"_links":{"self":[{"href":"https:\/\/www.imsalud.gov.co\/web\/wp-json\/wp\/v2\/posts\/30659","targetHints":{"allow":["GET"]}}],"collection":[{"href":"https:\/\/www.imsalud.gov.co\/web\/wp-json\/wp\/v2\/posts"}],"about":[{"href":"https:\/\/www.imsalud.gov.co\/web\/wp-json\/wp\/v2\/types\/post"}],"author":[{"embeddable":true,"href":"https:\/\/www.imsalud.gov.co\/web\/wp-json\/wp\/v2\/users\/19"}],"replies":[{"embeddable":true,"href":"https:\/\/www.imsalud.gov.co\/web\/wp-json\/wp\/v2\/comments?post=30659"}],"version-history":[{"count":1,"href":"https:\/\/www.imsalud.gov.co\/web\/wp-json\/wp\/v2\/posts\/30659\/revisions"}],"predecessor-version":[{"id":30661,"href":"https:\/\/www.imsalud.gov.co\/web\/wp-json\/wp\/v2\/posts\/30659\/revisions\/30661"}],"wp:featuredmedia":[{"embeddable":true,"href":"https:\/\/www.imsalud.gov.co\/web\/wp-json\/wp\/v2\/media\/30660"}],"wp:attachment":[{"href":"https:\/\/www.imsalud.gov.co\/web\/wp-json\/wp\/v2\/media?parent=30659"}],"wp:term":[{"taxonomy":"category","embeddable":true,"href":"https:\/\/www.imsalud.gov.co\/web\/wp-json\/wp\/v2\/categories?post=30659"},{"taxonomy":"post_tag","embeddable":true,"href":"https:\/\/www.imsalud.gov.co\/web\/wp-json\/wp\/v2\/tags?post=30659"}],"curies":[{"name":"wp","href":"https:\/\/api.w.org\/{rel}","templated":true}]}}