{"id":30474,"date":"2020-09-26T09:29:57","date_gmt":"2020-09-26T14:29:57","guid":{"rendered":"https:\/\/www.imsalud.gov.co\/web\/?p=30474"},"modified":"2020-09-26T09:29:57","modified_gmt":"2020-09-26T14:29:57","slug":"informe-epidemiologico-covid-19-123","status":"publish","type":"post","link":"https:\/\/www.imsalud.gov.co\/web\/sala-de-prensa\/ultimas-noticias\/informe-epidemiologico-covid-19-123\/","title":{"rendered":"Informe Epidemiol\u00f3gico Covid \u2013 19"},"content":{"rendered":"<p>Cuanto m\u00e1s sean las personas con las que interact\u00faa, cuanto m\u00e1s cerca interact\u00faen y cuanto m\u00e1s dure la interacci\u00f3n, mayor ser\u00e1 el riesgo de infectarse y propagar el COVID-19.<\/p>\n<ul>\n<li>Si decide participar en actividades p\u00fablicas, siga protegi\u00e9ndose con las medidas preventivas cotidianas.<\/li>\n<li>Tenga estos art\u00edculos a mano y \u00faselos cuando salga: una mascarilla de tela, pa\u00f1uelos desechables y un desinfectante de manos con al menos un 60 % de alcohol, si es posible.<\/li>\n<li>En lo posible, evite a las personas que no usan mascarillas o p\u00eddales a quienes lo rodean que usen mascarillas.<\/li>\n<\/ul>\n<p>#DependeDeTodos #NoBajemosLaGuardia<\/p>\n","protected":false},"excerpt":{"rendered":"<p>Cuanto m\u00e1s sean las personas con las que interact\u00faa, cuanto m\u00e1s cerca interact\u00faen y cuanto m\u00e1s dure la interacci\u00f3n, mayor ser\u00e1 el riesgo de infectarse y propagar el COVID-19. Si [&#8230;]\n","protected":false},"author":19,"featured_media":30475,"comment_status":"open","ping_status":"open","sticky":false,"template":"","format":"standard","meta":{"footnotes":""},"categories":[74],"tags":[],"class_list":["post-30474","post","type-post","status-publish","format-standard","has-post-thumbnail","hentry","category-ultimas-noticias"],"_links":{"self":[{"href":"https:\/\/www.imsalud.gov.co\/web\/wp-json\/wp\/v2\/posts\/30474","targetHints":{"allow":["GET"]}}],"collection":[{"href":"https:\/\/www.imsalud.gov.co\/web\/wp-json\/wp\/v2\/posts"}],"about":[{"href":"https:\/\/www.imsalud.gov.co\/web\/wp-json\/wp\/v2\/types\/post"}],"author":[{"embeddable":true,"href":"https:\/\/www.imsalud.gov.co\/web\/wp-json\/wp\/v2\/users\/19"}],"replies":[{"embeddable":true,"href":"https:\/\/www.imsalud.gov.co\/web\/wp-json\/wp\/v2\/comments?post=30474"}],"version-history":[{"count":3,"href":"https:\/\/www.imsalud.gov.co\/web\/wp-json\/wp\/v2\/posts\/30474\/revisions"}],"predecessor-version":[{"id":30478,"href":"https:\/\/www.imsalud.gov.co\/web\/wp-json\/wp\/v2\/posts\/30474\/revisions\/30478"}],"wp:featuredmedia":[{"embeddable":true,"href":"https:\/\/www.imsalud.gov.co\/web\/wp-json\/wp\/v2\/media\/30475"}],"wp:attachment":[{"href":"https:\/\/www.imsalud.gov.co\/web\/wp-json\/wp\/v2\/media?parent=30474"}],"wp:term":[{"taxonomy":"category","embeddable":true,"href":"https:\/\/www.imsalud.gov.co\/web\/wp-json\/wp\/v2\/categories?post=30474"},{"taxonomy":"post_tag","embeddable":true,"href":"https:\/\/www.imsalud.gov.co\/web\/wp-json\/wp\/v2\/tags?post=30474"}],"curies":[{"name":"wp","href":"https:\/\/api.w.org\/{rel}","templated":true}]}}