{"id":30442,"date":"2020-09-25T17:15:58","date_gmt":"2020-09-25T22:15:58","guid":{"rendered":"https:\/\/www.imsalud.gov.co\/web\/?p=30442"},"modified":"2020-09-25T17:15:58","modified_gmt":"2020-09-25T22:15:58","slug":"la-e-s-e-imsalud-culmina-jornada-de-citologia-semanal","status":"publish","type":"post","link":"https:\/\/www.imsalud.gov.co\/web\/sala-de-prensa\/ultimas-noticias\/la-e-s-e-imsalud-culmina-jornada-de-citologia-semanal\/","title":{"rendered":"LA E.S.E IMSALUD CULMINA JORNADA DE CITOLOG\u00cdA SEMANAL"},"content":{"rendered":"<p>La E.S.E Imsalud culmin\u00f3 hoy satisfactoriamente la primera de las Jornadas de Citolog\u00eda, asesor\u00edas en planificaci\u00f3n familiar y captaci\u00f3n de usuarias para toma de mamograf\u00edas en toda nuestra red prestadora de servicios.<\/p>\n<p>Queremos una vez m\u00e1s, extender la invitaci\u00f3n a nuestras usuarias a realizarse la citolog\u00eda cualquier d\u00eda de la semana o a participar en edades de 25 a 69 en estas jornadas especiales que se llevar\u00e1n a cabo semanalmente, las pr\u00f3ximas son los d\u00edas, mi\u00e9rcoles 30 de septiembre, 01 y 02 de octubre en horario comprendido desde las 07:00 am a 01:00 pm, no olvide llevar su documento de identidad como \u00fanico requisito.<\/p>\n<p>\u00a1 Recuerda si tomas precauciones, te haces la citolog\u00eda, puedes salvar tu vida !<\/p>\n<p>#TuBienestarEsNuestraPrioridad<\/p>\n<div id='gallery-1' class='gallery galleryid-30442 gallery-columns-3 gallery-size-thumbnail'><figure class='gallery-item'>\n\t\t\t<div class='gallery-icon portrait'>\n\t\t\t\t<a href='https:\/\/www.imsalud.gov.co\/web\/sala-de-prensa\/ultimas-noticias\/la-e-s-e-imsalud-culmina-jornada-de-citologia-semanal\/attachment\/whatsapp-image-2020-09-25-at-4-28-37-pm\/#main'><img loading=\"lazy\" decoding=\"async\" width=\"150\" height=\"150\" src=\"https:\/\/www.imsalud.gov.co\/web\/wp-content\/uploads\/2020\/09\/WhatsApp-Image-2020-09-25-at-4.28.37-PM-280x280.jpeg\" class=\"attachment-thumbnail size-thumbnail\" alt=\"\" \/><\/a>\n\t\t\t<\/div><\/figure><figure class='gallery-item'>\n\t\t\t<div class='gallery-icon landscape'>\n\t\t\t\t<a href='https:\/\/www.imsalud.gov.co\/web\/sala-de-prensa\/ultimas-noticias\/la-e-s-e-imsalud-culmina-jornada-de-citologia-semanal\/attachment\/whatsapp-image-2020-09-25-at-4\/#main'><img loading=\"lazy\" decoding=\"async\" width=\"150\" height=\"150\" src=\"https:\/\/www.imsalud.gov.co\/web\/wp-content\/uploads\/2020\/09\/WhatsApp-Image-2020-09-25-at-4-280x280.png\" class=\"attachment-thumbnail size-thumbnail\" alt=\"\" \/><\/a>\n\t\t\t<\/div><\/figure>\n\t\t<\/div>\n\n","protected":false},"excerpt":{"rendered":"<p>La E.S.E Imsalud culmin\u00f3 hoy satisfactoriamente la primera de las Jornadas de Citolog\u00eda, asesor\u00edas en planificaci\u00f3n familiar y captaci\u00f3n de usuarias para toma de mamograf\u00edas en toda nuestra red prestadora [&#8230;]\n","protected":false},"author":19,"featured_media":30443,"comment_status":"open","ping_status":"open","sticky":false,"template":"","format":"standard","meta":{"footnotes":""},"categories":[74],"tags":[],"class_list":["post-30442","post","type-post","status-publish","format-standard","has-post-thumbnail","hentry","category-ultimas-noticias"],"_links":{"self":[{"href":"https:\/\/www.imsalud.gov.co\/web\/wp-json\/wp\/v2\/posts\/30442","targetHints":{"allow":["GET"]}}],"collection":[{"href":"https:\/\/www.imsalud.gov.co\/web\/wp-json\/wp\/v2\/posts"}],"about":[{"href":"https:\/\/www.imsalud.gov.co\/web\/wp-json\/wp\/v2\/types\/post"}],"author":[{"embeddable":true,"href":"https:\/\/www.imsalud.gov.co\/web\/wp-json\/wp\/v2\/users\/19"}],"replies":[{"embeddable":true,"href":"https:\/\/www.imsalud.gov.co\/web\/wp-json\/wp\/v2\/comments?post=30442"}],"version-history":[{"count":5,"href":"https:\/\/www.imsalud.gov.co\/web\/wp-json\/wp\/v2\/posts\/30442\/revisions"}],"predecessor-version":[{"id":30450,"href":"https:\/\/www.imsalud.gov.co\/web\/wp-json\/wp\/v2\/posts\/30442\/revisions\/30450"}],"wp:featuredmedia":[{"embeddable":true,"href":"https:\/\/www.imsalud.gov.co\/web\/wp-json\/wp\/v2\/media\/30443"}],"wp:attachment":[{"href":"https:\/\/www.imsalud.gov.co\/web\/wp-json\/wp\/v2\/media?parent=30442"}],"wp:term":[{"taxonomy":"category","embeddable":true,"href":"https:\/\/www.imsalud.gov.co\/web\/wp-json\/wp\/v2\/categories?post=30442"},{"taxonomy":"post_tag","embeddable":true,"href":"https:\/\/www.imsalud.gov.co\/web\/wp-json\/wp\/v2\/tags?post=30442"}],"curies":[{"name":"wp","href":"https:\/\/api.w.org\/{rel}","templated":true}]}}