{"id":30424,"date":"2020-09-25T18:52:35","date_gmt":"2020-09-25T23:52:35","guid":{"rendered":"https:\/\/www.imsalud.gov.co\/web\/?p=30424"},"modified":"2020-09-25T18:52:35","modified_gmt":"2020-09-25T23:52:35","slug":"nuevo-estatuto-y-manual-de-contratacion","status":"publish","type":"post","link":"https:\/\/www.imsalud.gov.co\/web\/sala-de-prensa\/ultimas-noticias\/nuevo-estatuto-y-manual-de-contratacion\/","title":{"rendered":"NUEVO ESTATUTO Y MANUAL DE CONTRATACI\u00d3N"},"content":{"rendered":"<p>La nueva administraci\u00f3n de la E.S.E Imsalud encabezada por el Dr. Juan Agust\u00edn Ram\u00edrez Montoya, ha iniciado un proceso de reingenier\u00eda en materia contractual y para ello expidi\u00f3 un nuevo estatuto y manual de contrataci\u00f3n, documentos que en el d\u00eda de hoy est\u00e1n sido objeto de socializaci\u00f3n y capacitaci\u00f3n en la Unidad B\u00e1sica Puente Barco Leones a cargo de la Asesora Jur\u00eddica, Dra. Judith Magaly Carvajal Contreras, esto con el fin de implementarse a partir del 01 de Noviembre del 2020.<\/p>\n<p>#SuBienestarEsNuestraPrioridad<\/p>\n<div id='gallery-1' class='gallery galleryid-30424 gallery-columns-3 gallery-size-thumbnail'><figure class='gallery-item'>\n\t\t\t<div class='gallery-icon landscape'>\n\t\t\t\t<a href='https:\/\/www.imsalud.gov.co\/web\/sala-de-prensa\/ultimas-noticias\/nuevo-estatuto-y-manual-de-contratacion\/attachment\/whatsapp-image-2020-09-25-at-4-28-26-pm-6\/#main'><img loading=\"lazy\" decoding=\"async\" width=\"150\" height=\"150\" src=\"https:\/\/www.imsalud.gov.co\/web\/wp-content\/uploads\/2020\/09\/WhatsApp-Image-2020-09-25-at-4.28.26-PM-6-280x280.jpeg\" class=\"attachment-thumbnail size-thumbnail\" alt=\"\" \/><\/a>\n\t\t\t<\/div><\/figure><figure class='gallery-item'>\n\t\t\t<div class='gallery-icon landscape'>\n\t\t\t\t<a href='https:\/\/www.imsalud.gov.co\/web\/sala-de-prensa\/ultimas-noticias\/nuevo-estatuto-y-manual-de-contratacion\/attachment\/whatsapp-image-2020-09-25-at-4-28-26-pm-3\/#main'><img loading=\"lazy\" decoding=\"async\" width=\"150\" height=\"150\" src=\"https:\/\/www.imsalud.gov.co\/web\/wp-content\/uploads\/2020\/09\/WhatsApp-Image-2020-09-25-at-4.28.26-PM-3-280x280.jpeg\" class=\"attachment-thumbnail size-thumbnail\" alt=\"\" \/><\/a>\n\t\t\t<\/div><\/figure><figure class='gallery-item'>\n\t\t\t<div class='gallery-icon landscape'>\n\t\t\t\t<a href='https:\/\/www.imsalud.gov.co\/web\/sala-de-prensa\/ultimas-noticias\/nuevo-estatuto-y-manual-de-contratacion\/attachment\/whatsapp-image-2020-09-25-at-4-28-26-pm-2\/#main'><img loading=\"lazy\" decoding=\"async\" width=\"150\" height=\"150\" src=\"https:\/\/www.imsalud.gov.co\/web\/wp-content\/uploads\/2020\/09\/WhatsApp-Image-2020-09-25-at-4.28.26-PM-2-280x280.jpeg\" class=\"attachment-thumbnail size-thumbnail\" alt=\"\" \/><\/a>\n\t\t\t<\/div><\/figure><figure class='gallery-item'>\n\t\t\t<div class='gallery-icon landscape'>\n\t\t\t\t<a href='https:\/\/www.imsalud.gov.co\/web\/sala-de-prensa\/ultimas-noticias\/nuevo-estatuto-y-manual-de-contratacion\/attachment\/whatsapp-image-2020-09-25-at-4-28-26-pm-1\/#main'><img loading=\"lazy\" decoding=\"async\" width=\"150\" height=\"150\" src=\"https:\/\/www.imsalud.gov.co\/web\/wp-content\/uploads\/2020\/09\/WhatsApp-Image-2020-09-25-at-4.28.26-PM-1-280x280.jpeg\" class=\"attachment-thumbnail size-thumbnail\" alt=\"\" \/><\/a>\n\t\t\t<\/div><\/figure><figure class='gallery-item'>\n\t\t\t<div class='gallery-icon landscape'>\n\t\t\t\t<a href='https:\/\/www.imsalud.gov.co\/web\/sala-de-prensa\/ultimas-noticias\/nuevo-estatuto-y-manual-de-contratacion\/attachment\/whatsapp-image-2020-09-25-at-4-28-26-pm\/#main'><img loading=\"lazy\" decoding=\"async\" width=\"150\" height=\"150\" src=\"https:\/\/www.imsalud.gov.co\/web\/wp-content\/uploads\/2020\/09\/WhatsApp-Image-2020-09-25-at-4.28.26-PM-280x280.jpeg\" class=\"attachment-thumbnail size-thumbnail\" alt=\"\" \/><\/a>\n\t\t\t<\/div><\/figure>\n\t\t<\/div>\n\n<p>&nbsp;<\/p>\n","protected":false},"excerpt":{"rendered":"<p>La nueva administraci\u00f3n de la E.S.E Imsalud encabezada por el Dr. Juan Agust\u00edn Ram\u00edrez Montoya, ha iniciado un proceso de reingenier\u00eda en materia contractual y para ello expidi\u00f3 un nuevo [&#8230;]\n","protected":false},"author":19,"featured_media":30436,"comment_status":"open","ping_status":"open","sticky":false,"template":"","format":"standard","meta":{"footnotes":""},"categories":[74],"tags":[],"class_list":["post-30424","post","type-post","status-publish","format-standard","has-post-thumbnail","hentry","category-ultimas-noticias"],"_links":{"self":[{"href":"https:\/\/www.imsalud.gov.co\/web\/wp-json\/wp\/v2\/posts\/30424","targetHints":{"allow":["GET"]}}],"collection":[{"href":"https:\/\/www.imsalud.gov.co\/web\/wp-json\/wp\/v2\/posts"}],"about":[{"href":"https:\/\/www.imsalud.gov.co\/web\/wp-json\/wp\/v2\/types\/post"}],"author":[{"embeddable":true,"href":"https:\/\/www.imsalud.gov.co\/web\/wp-json\/wp\/v2\/users\/19"}],"replies":[{"embeddable":true,"href":"https:\/\/www.imsalud.gov.co\/web\/wp-json\/wp\/v2\/comments?post=30424"}],"version-history":[{"count":4,"href":"https:\/\/www.imsalud.gov.co\/web\/wp-json\/wp\/v2\/posts\/30424\/revisions"}],"predecessor-version":[{"id":30451,"href":"https:\/\/www.imsalud.gov.co\/web\/wp-json\/wp\/v2\/posts\/30424\/revisions\/30451"}],"wp:featuredmedia":[{"embeddable":true,"href":"https:\/\/www.imsalud.gov.co\/web\/wp-json\/wp\/v2\/media\/30436"}],"wp:attachment":[{"href":"https:\/\/www.imsalud.gov.co\/web\/wp-json\/wp\/v2\/media?parent=30424"}],"wp:term":[{"taxonomy":"category","embeddable":true,"href":"https:\/\/www.imsalud.gov.co\/web\/wp-json\/wp\/v2\/categories?post=30424"},{"taxonomy":"post_tag","embeddable":true,"href":"https:\/\/www.imsalud.gov.co\/web\/wp-json\/wp\/v2\/tags?post=30424"}],"curies":[{"name":"wp","href":"https:\/\/api.w.org\/{rel}","templated":true}]}}