{"id":23570,"date":"2019-10-09T12:23:29","date_gmt":"2019-10-09T17:23:29","guid":{"rendered":"https:\/\/www.imsalud.gov.co\/web\/?p=23570"},"modified":"2019-10-10T17:40:22","modified_gmt":"2019-10-10T22:40:22","slug":"te-invitamos-a-la-celebracion-dia-del-nino-uba-comuneros","status":"publish","type":"post","link":"https:\/\/www.imsalud.gov.co\/web\/sala-de-prensa\/ultimas-noticias\/te-invitamos-a-la-celebracion-dia-del-nino-uba-comuneros\/","title":{"rendered":"Te Invitamos a la Celebraci\u00f3n d\u00eda del Ni\u00f1o &#8211; Uba. Comuneros"},"content":{"rendered":"\n<p>\n\nLa Unidad B\u00e1sica Comuneros invita a todos los papitos con sus ni\u00f1os a celebrar el d\u00eda del ni\u00f1o\u2026Ven y participa en las diferentes actividades que tenemos para los consentidos de la casa\u2026los esperamos !\n\n<\/p>\n","protected":false},"excerpt":{"rendered":"<p>La Unidad B\u00e1sica Comuneros invita a todos los papitos con sus ni\u00f1os a celebrar el d\u00eda del ni\u00f1o\u2026Ven y participa en las diferentes actividades que tenemos para los consentidos de [&#8230;]\n","protected":false},"author":19,"featured_media":23571,"comment_status":"open","ping_status":"open","sticky":false,"template":"","format":"standard","meta":{"footnotes":""},"categories":[74],"tags":[],"class_list":["post-23570","post","type-post","status-publish","format-standard","has-post-thumbnail","hentry","category-ultimas-noticias"],"_links":{"self":[{"href":"https:\/\/www.imsalud.gov.co\/web\/wp-json\/wp\/v2\/posts\/23570","targetHints":{"allow":["GET"]}}],"collection":[{"href":"https:\/\/www.imsalud.gov.co\/web\/wp-json\/wp\/v2\/posts"}],"about":[{"href":"https:\/\/www.imsalud.gov.co\/web\/wp-json\/wp\/v2\/types\/post"}],"author":[{"embeddable":true,"href":"https:\/\/www.imsalud.gov.co\/web\/wp-json\/wp\/v2\/users\/19"}],"replies":[{"embeddable":true,"href":"https:\/\/www.imsalud.gov.co\/web\/wp-json\/wp\/v2\/comments?post=23570"}],"version-history":[{"count":3,"href":"https:\/\/www.imsalud.gov.co\/web\/wp-json\/wp\/v2\/posts\/23570\/revisions"}],"predecessor-version":[{"id":23585,"href":"https:\/\/www.imsalud.gov.co\/web\/wp-json\/wp\/v2\/posts\/23570\/revisions\/23585"}],"wp:featuredmedia":[{"embeddable":true,"href":"https:\/\/www.imsalud.gov.co\/web\/wp-json\/wp\/v2\/media\/23571"}],"wp:attachment":[{"href":"https:\/\/www.imsalud.gov.co\/web\/wp-json\/wp\/v2\/media?parent=23570"}],"wp:term":[{"taxonomy":"category","embeddable":true,"href":"https:\/\/www.imsalud.gov.co\/web\/wp-json\/wp\/v2\/categories?post=23570"},{"taxonomy":"post_tag","embeddable":true,"href":"https:\/\/www.imsalud.gov.co\/web\/wp-json\/wp\/v2\/tags?post=23570"}],"curies":[{"name":"wp","href":"https:\/\/api.w.org\/{rel}","templated":true}]}}