{"id":23260,"date":"2019-09-24T09:17:48","date_gmt":"2019-09-24T14:17:48","guid":{"rendered":"https:\/\/www.imsalud.gov.co\/web\/?p=23260"},"modified":"2019-09-24T09:17:54","modified_gmt":"2019-09-24T14:17:54","slug":"sumate-al-simulacro-nacional","status":"publish","type":"post","link":"https:\/\/www.imsalud.gov.co\/web\/sala-de-prensa\/ultimas-noticias\/sumate-al-simulacro-nacional\/","title":{"rendered":"S\u00famate al Simulacro Nacional"},"content":{"rendered":"\n<ul class=\"wp-block-list\"><li>El simulacro se realizar\u00e1 el mi\u00e9rcoles 2 de octubre a las 9:00 a.m.<\/li><\/ul>\n\n\n\n<p>El Simulacro Nacional del Respuesta a Emergencias busca mejorar la planeaci\u00f3n, coordinaci\u00f3n y comunicaci\u00f3n entre las entidades p\u00fablicas, privadas y la comunidad, para la respuesta efectiva frente a eventos generados por diferentes fen\u00f3menos amenazantes.<\/p>\n\n\n\n<p>Los Distritos y Municipios que participen podr\u00e1n:<\/p>\n\n\n\n<ul class=\"wp-block-list\"><li> Poner a prueba la efectividad de Planes, Estrategias, Protocolos o<br> Procedimientos, que para la respuesta a emergencias tienen los sectores, entidades territoriales y comunidades organizadas. <\/li><li>  Fortalecer los mecanismos de organizaci\u00f3n, coordinaci\u00f3n y comunicaci\u00f3n entre los diferentes actores, operativos en situaciones de emergencia. <\/li><li> Evaluar Sistemas de Comunicaciones, de Alerta y de Alarma en el nivel local. <\/li><\/ul>\n\n\n\n<p>Para conocer m\u00e1s informaci\u00f3n ingresa a:<\/p>\n\n\n\n<p><a href=\"http:\/\/portal.gestiondelriesgo.gov.co\/simulacro2019\/index.html#seccion2\">http:\/\/portal.gestiondelriesgo.gov.co\/simulacro2019\/index.html#seccion2<\/a><\/p>\n\n\n\n<p><br><\/p>\n\n\n\n<p><\/p>\n","protected":false},"excerpt":{"rendered":"<p>El simulacro se realizar\u00e1 el mi\u00e9rcoles 2 de octubre a las 9:00 a.m. El Simulacro Nacional del Respuesta a Emergencias busca mejorar la planeaci\u00f3n, coordinaci\u00f3n y comunicaci\u00f3n entre las entidades [&#8230;]\n","protected":false},"author":19,"featured_media":23261,"comment_status":"open","ping_status":"open","sticky":false,"template":"","format":"standard","meta":{"footnotes":""},"categories":[74],"tags":[],"class_list":["post-23260","post","type-post","status-publish","format-standard","has-post-thumbnail","hentry","category-ultimas-noticias"],"_links":{"self":[{"href":"https:\/\/www.imsalud.gov.co\/web\/wp-json\/wp\/v2\/posts\/23260","targetHints":{"allow":["GET"]}}],"collection":[{"href":"https:\/\/www.imsalud.gov.co\/web\/wp-json\/wp\/v2\/posts"}],"about":[{"href":"https:\/\/www.imsalud.gov.co\/web\/wp-json\/wp\/v2\/types\/post"}],"author":[{"embeddable":true,"href":"https:\/\/www.imsalud.gov.co\/web\/wp-json\/wp\/v2\/users\/19"}],"replies":[{"embeddable":true,"href":"https:\/\/www.imsalud.gov.co\/web\/wp-json\/wp\/v2\/comments?post=23260"}],"version-history":[{"count":2,"href":"https:\/\/www.imsalud.gov.co\/web\/wp-json\/wp\/v2\/posts\/23260\/revisions"}],"predecessor-version":[{"id":23264,"href":"https:\/\/www.imsalud.gov.co\/web\/wp-json\/wp\/v2\/posts\/23260\/revisions\/23264"}],"wp:featuredmedia":[{"embeddable":true,"href":"https:\/\/www.imsalud.gov.co\/web\/wp-json\/wp\/v2\/media\/23261"}],"wp:attachment":[{"href":"https:\/\/www.imsalud.gov.co\/web\/wp-json\/wp\/v2\/media?parent=23260"}],"wp:term":[{"taxonomy":"category","embeddable":true,"href":"https:\/\/www.imsalud.gov.co\/web\/wp-json\/wp\/v2\/categories?post=23260"},{"taxonomy":"post_tag","embeddable":true,"href":"https:\/\/www.imsalud.gov.co\/web\/wp-json\/wp\/v2\/tags?post=23260"}],"curies":[{"name":"wp","href":"https:\/\/api.w.org\/{rel}","templated":true}]}}