{"id":22509,"date":"2019-08-09T09:15:32","date_gmt":"2019-08-09T14:15:32","guid":{"rendered":"https:\/\/www.imsalud.gov.co\/web\/?p=22509"},"modified":"2019-08-09T09:15:39","modified_gmt":"2019-08-09T14:15:39","slug":"acto-de-posesion-a-nuevos-funcionarios-en-la-e-s-e-imsalud-4","status":"publish","type":"post","link":"https:\/\/www.imsalud.gov.co\/web\/sala-de-prensa\/ultimas-noticias\/acto-de-posesion-a-nuevos-funcionarios-en-la-e-s-e-imsalud-4\/","title":{"rendered":"Acto de Posesi\u00f3n a nuevos funcionarios en la E.S.E Imsalud"},"content":{"rendered":"\n<p>La Dra. Katherine Calabr\u00f3 Galvis Gerente de la E.S.E. Imsalud en compa\u00f1\u00eda de la Jefe de Administraci\u00f3n Laboral Dra. Elizabeth Delgado Rond\u00f3n , llev\u00f3 a cabo en el despacho de la entidad, el acto administrativo de nombramiento a la funcionaria:<\/p>\n\n\n\n<ul class=\"wp-block-list\"><li>Yolanda dallos Garc\u00eda\u2013 Auxiliar \u00c1rea de Salud (Enfermer\u00eda).<\/li><\/ul>\n\n\n\n<p>La E.S.E Imsalud felicita ampliamente a los nuevos miembros de nuestra empresa, \u201cEl deseo es la clave de la motivaci\u00f3n, pero es la determinaci\u00f3n y el compromiso orientado a la excelencia, lo que permite alcanzar el \u00e9xito\u201d<\/p>\n\n\n\n<ul class=\"wp-block-gallery columns-2 is-cropped wp-block-gallery-1 is-layout-flex wp-block-gallery-is-layout-flex\"><li class=\"blocks-gallery-item\"><figure><img loading=\"lazy\" decoding=\"async\" width=\"800\" height=\"533\" src=\"https:\/\/i1.wp.com\/www.imsalud.gov.co\/web\/wp-content\/uploads\/2019\/08\/IMG_1929.jpg?fit=1020%2C583&amp;ssl=1\" alt=\"\" data-id=\"22511\" data-link=\"https:\/\/www.imsalud.gov.co\/web\/?attachment_id=22511#main\" class=\"wp-image-22511\" srcset=\"https:\/\/www.imsalud.gov.co\/web\/wp-content\/uploads\/2019\/08\/IMG_1929.jpg 800w, https:\/\/www.imsalud.gov.co\/web\/wp-content\/uploads\/2019\/08\/IMG_1929-768x511.jpg 768w\" sizes=\"auto, (max-width: 800px) 100vw, 800px\" \/><\/figure><\/li><li class=\"blocks-gallery-item\"><figure><img loading=\"lazy\" decoding=\"async\" width=\"800\" height=\"533\" src=\"https:\/\/i2.wp.com\/www.imsalud.gov.co\/web\/wp-content\/uploads\/2019\/08\/IMG_1941.jpg?fit=1020%2C583&amp;ssl=1\" alt=\"\" data-id=\"22513\" data-link=\"https:\/\/www.imsalud.gov.co\/web\/?attachment_id=22513#main\" class=\"wp-image-22513\" srcset=\"https:\/\/www.imsalud.gov.co\/web\/wp-content\/uploads\/2019\/08\/IMG_1941.jpg 800w, https:\/\/www.imsalud.gov.co\/web\/wp-content\/uploads\/2019\/08\/IMG_1941-768x511.jpg 768w\" sizes=\"auto, (max-width: 800px) 100vw, 800px\" \/><\/figure><\/li><\/ul>\n","protected":false},"excerpt":{"rendered":"<p>La Dra. Katherine Calabr\u00f3 Galvis Gerente de la E.S.E. Imsalud en compa\u00f1\u00eda de la Jefe de Administraci\u00f3n Laboral Dra. Elizabeth Delgado Rond\u00f3n , llev\u00f3 a cabo en el despacho de [&#8230;]\n","protected":false},"author":19,"featured_media":22518,"comment_status":"open","ping_status":"open","sticky":false,"template":"","format":"standard","meta":{"footnotes":""},"categories":[74],"tags":[],"class_list":["post-22509","post","type-post","status-publish","format-standard","has-post-thumbnail","hentry","category-ultimas-noticias"],"_links":{"self":[{"href":"https:\/\/www.imsalud.gov.co\/web\/wp-json\/wp\/v2\/posts\/22509","targetHints":{"allow":["GET"]}}],"collection":[{"href":"https:\/\/www.imsalud.gov.co\/web\/wp-json\/wp\/v2\/posts"}],"about":[{"href":"https:\/\/www.imsalud.gov.co\/web\/wp-json\/wp\/v2\/types\/post"}],"author":[{"embeddable":true,"href":"https:\/\/www.imsalud.gov.co\/web\/wp-json\/wp\/v2\/users\/19"}],"replies":[{"embeddable":true,"href":"https:\/\/www.imsalud.gov.co\/web\/wp-json\/wp\/v2\/comments?post=22509"}],"version-history":[{"count":4,"href":"https:\/\/www.imsalud.gov.co\/web\/wp-json\/wp\/v2\/posts\/22509\/revisions"}],"predecessor-version":[{"id":22598,"href":"https:\/\/www.imsalud.gov.co\/web\/wp-json\/wp\/v2\/posts\/22509\/revisions\/22598"}],"wp:featuredmedia":[{"embeddable":true,"href":"https:\/\/www.imsalud.gov.co\/web\/wp-json\/wp\/v2\/media\/22518"}],"wp:attachment":[{"href":"https:\/\/www.imsalud.gov.co\/web\/wp-json\/wp\/v2\/media?parent=22509"}],"wp:term":[{"taxonomy":"category","embeddable":true,"href":"https:\/\/www.imsalud.gov.co\/web\/wp-json\/wp\/v2\/categories?post=22509"},{"taxonomy":"post_tag","embeddable":true,"href":"https:\/\/www.imsalud.gov.co\/web\/wp-json\/wp\/v2\/tags?post=22509"}],"curies":[{"name":"wp","href":"https:\/\/api.w.org\/{rel}","templated":true}]}}