{"id":22474,"date":"2019-08-09T08:42:59","date_gmt":"2019-08-09T13:42:59","guid":{"rendered":"https:\/\/www.imsalud.gov.co\/web\/?p=22474"},"modified":"2019-08-09T08:43:09","modified_gmt":"2019-08-09T13:43:09","slug":"semana-de-la-lactancia-materna-2","status":"publish","type":"post","link":"https:\/\/www.imsalud.gov.co\/web\/sala-de-prensa\/ultimas-noticias\/semana-de-la-lactancia-materna-2\/","title":{"rendered":"Semana de la Lactancia Materna"},"content":{"rendered":"\n<p>Todos los a\u00f1os la Alianza mundial Pro Lactancia Materna (WABA) celebra la Semana Mundial de la Lactancia Materna del 1\u00ba al 7 de agosto y este a\u00f1o el lema propuesto es EMPODER\u00c9MONOS: HAGAMOS POSIBLE LA LACTANCIA MATERNA. <\/p>\n\n\n\n<p>La lactancia materna es el mayor factor protector de la salud de un ni\u00f1o, el mejor comienzo en la vida de un beb\u00e9 y el alimento propio de la especie. Tanto la OMS como UNICEF declaran que la lactancia materna es la mejor alimentaci\u00f3n para nuestros ni\u00f1os en forma exclusiva por los primeros seis meses y continuarla junto con una alimentaci\u00f3n complementaria adecuada como nos indica la Gu\u00eda Alimentaria para la Poblaci\u00f3n Colombiana del menor de dos a\u00f1os, hasta los dos a\u00f1os o m\u00e1s. <\/p>\n\n\n\n<p>La leche materna debe iniciarse en la primera hora despu\u00e9s del nacimiento y colocar al beb\u00e9 al pecho de la mam\u00e1 tan pronto nace, este acto es la impronta que genera el v\u00ednculo afectivo. La leche materna contiene todos los nutrientes que el ni\u00f1o necesita, contiene agua suficiente, prote\u00ednas que garantizan su adecuado crecimiento y defensa contra g\u00e9rmenes, bacterias y virus que encuentra el reci\u00e9n nacido en el ambiente, vitaminas y minerales en la proporci\u00f3n adecuada. La primera leche que se produce es el calostro, rica en inmunoglobulinas para la defensa del organismo y grasa ya que son apenas gotas y esta cantidad es la que el beb\u00e9 necesita, luego viene la leche de transici\u00f3n y posteriormente la leche madura.<\/p>\n\n\n\n<p>La E.S.E IMSALUD fomenta, promueve y apoya la lactancia materna, trabajando en la implementaci\u00f3n de la estrategia IAMII (Instituci\u00f3n Amiga de la Mujer y la Infancia con enfoque Integral), la cual promueve una articulaci\u00f3n de programas y servicios de atenci\u00f3n con calidad y calidez para nuestras madres gestantes, madres lactantes y ni\u00f1os y ni\u00f1as menores de 6 a\u00f1os, poniendo en pr\u00e1ctica el cumplimiento de diez pasos prestablecidos en el Lineamiento IAMII, propuesto por el Ministerio de Salud bajo los par\u00e1metros dados por UNICEF. <\/p>\n\n\n\n<p>Felicitamos a todas nuestras usuarias madres lactantes y a nuestras trabajadoras que se encuentran en esta bella etapa. Actualmente la E.S.E IMSALUD se encuentra en un proceso de Fortalecimiento de Capacidades a nuestros funcionarios en temas de Lactancia y Nutrici\u00f3n, en las diferentes Unidades B\u00e1sicas, as\u00ed como fortalecimiento de Redes de Apoyo Comunitario y creaci\u00f3n de nuevos grupos, con la finalidad de garantizar la continuidad de la lactancia exclusiva cuando las madres ya se encuentran en el medio familiar.  <\/p>\n\n\n\n<p>\u00abSu Bienestar es Nuestra Prioridad\u00bb<br> <\/p>\n\n\n\n<ul class=\"wp-block-gallery columns-3 is-cropped wp-block-gallery-1 is-layout-flex wp-block-gallery-is-layout-flex\"><li class=\"blocks-gallery-item\"><figure><img loading=\"lazy\" decoding=\"async\" width=\"1400\" height=\"800\" src=\"https:\/\/www.imsalud.gov.co\/web\/wp-content\/uploads\/2019\/08\/09f58b1e-7744-4097-8e2a-aec44551291b-1400x800.jpg\" alt=\"\" data-id=\"22477\" data-link=\"https:\/\/www.imsalud.gov.co\/web\/?attachment_id=22477#main\" class=\"wp-image-22477\"\/><\/figure><\/li><li class=\"blocks-gallery-item\"><figure><img loading=\"lazy\" decoding=\"async\" width=\"1400\" height=\"800\" src=\"https:\/\/www.imsalud.gov.co\/web\/wp-content\/uploads\/2019\/08\/28cd2430-7b3c-4eed-aefc-92625cc0d38a-1400x800.jpg\" alt=\"\" data-id=\"22478\" data-link=\"https:\/\/www.imsalud.gov.co\/web\/?attachment_id=22478#main\" class=\"wp-image-22478\"\/><\/figure><\/li><li class=\"blocks-gallery-item\"><figure><img loading=\"lazy\" decoding=\"async\" width=\"1400\" height=\"800\" src=\"https:\/\/www.imsalud.gov.co\/web\/wp-content\/uploads\/2019\/08\/67a467bb-dbe3-45eb-80c7-138e5e63952d-1400x800.jpg\" alt=\"\" data-id=\"22479\" data-link=\"https:\/\/www.imsalud.gov.co\/web\/?attachment_id=22479#main\" class=\"wp-image-22479\"\/><\/figure><\/li><li class=\"blocks-gallery-item\"><figure><img loading=\"lazy\" decoding=\"async\" width=\"1400\" height=\"800\" src=\"https:\/\/www.imsalud.gov.co\/web\/wp-content\/uploads\/2019\/08\/7326edf8-777e-4ab6-a424-7dbfbdb24425-1400x800.jpg\" alt=\"\" data-id=\"22480\" data-link=\"https:\/\/www.imsalud.gov.co\/web\/?attachment_id=22480#main\" class=\"wp-image-22480\"\/><\/figure><\/li><li class=\"blocks-gallery-item\"><figure><img loading=\"lazy\" decoding=\"async\" width=\"1400\" height=\"800\" src=\"https:\/\/www.imsalud.gov.co\/web\/wp-content\/uploads\/2019\/08\/7472573c-f3fd-488f-b137-7f2ba9eeda51-1400x800.jpg\" alt=\"\" data-id=\"22482\" data-link=\"https:\/\/www.imsalud.gov.co\/web\/?attachment_id=22482#main\" class=\"wp-image-22482\"\/><\/figure><\/li><li class=\"blocks-gallery-item\"><figure><img loading=\"lazy\" decoding=\"async\" width=\"1400\" height=\"800\" src=\"https:\/\/www.imsalud.gov.co\/web\/wp-content\/uploads\/2019\/08\/b4973760-8cf8-4791-9557-4e72dbdf0b44-1400x800.jpg\" alt=\"\" data-id=\"22483\" data-link=\"https:\/\/www.imsalud.gov.co\/web\/?attachment_id=22483#main\" class=\"wp-image-22483\"\/><\/figure><\/li><li class=\"blocks-gallery-item\"><figure><img loading=\"lazy\" decoding=\"async\" width=\"1400\" height=\"800\" src=\"https:\/\/www.imsalud.gov.co\/web\/wp-content\/uploads\/2019\/08\/f3f76d9b-6bb3-4da0-b0a8-0a3ab7971ea6-1400x800.jpg\" alt=\"\" data-id=\"22484\" data-link=\"https:\/\/www.imsalud.gov.co\/web\/?attachment_id=22484#main\" class=\"wp-image-22484\"\/><\/figure><\/li><li class=\"blocks-gallery-item\"><figure><img loading=\"lazy\" decoding=\"async\" width=\"1400\" height=\"800\" src=\"https:\/\/www.imsalud.gov.co\/web\/wp-content\/uploads\/2019\/08\/f105ea43-395c-4c31-9102-d961a0ed62c3-1400x800.jpg\" alt=\"\" data-id=\"22485\" data-link=\"https:\/\/www.imsalud.gov.co\/web\/?attachment_id=22485#main\" class=\"wp-image-22485\"\/><\/figure><\/li><li class=\"blocks-gallery-item\"><figure><img loading=\"lazy\" decoding=\"async\" width=\"1400\" height=\"800\" src=\"https:\/\/www.imsalud.gov.co\/web\/wp-content\/uploads\/2019\/08\/fdac9130-3337-4ca4-b9db-f584f84c1fef-1400x800.jpg\" alt=\"\" data-id=\"22486\" data-link=\"https:\/\/www.imsalud.gov.co\/web\/?attachment_id=22486#main\" class=\"wp-image-22486\"\/><\/figure><\/li><li class=\"blocks-gallery-item\"><figure><img loading=\"lazy\" decoding=\"async\" width=\"1067\" height=\"800\" src=\"https:\/\/www.imsalud.gov.co\/web\/wp-content\/uploads\/2019\/08\/cb84e899-1bb6-4704-b999-8db0439b801d-1067x800.jpg\" alt=\"\" data-id=\"22475\" data-link=\"https:\/\/www.imsalud.gov.co\/web\/?attachment_id=22475#main\" class=\"wp-image-22475\" srcset=\"https:\/\/www.imsalud.gov.co\/web\/wp-content\/uploads\/2019\/08\/cb84e899-1bb6-4704-b999-8db0439b801d-1067x800.jpg 1067w, https:\/\/www.imsalud.gov.co\/web\/wp-content\/uploads\/2019\/08\/cb84e899-1bb6-4704-b999-8db0439b801d-533x400.jpg 533w, https:\/\/www.imsalud.gov.co\/web\/wp-content\/uploads\/2019\/08\/cb84e899-1bb6-4704-b999-8db0439b801d-768x576.jpg 768w, https:\/\/www.imsalud.gov.co\/web\/wp-content\/uploads\/2019\/08\/cb84e899-1bb6-4704-b999-8db0439b801d.jpg 1280w\" sizes=\"auto, (max-width: 1067px) 100vw, 1067px\" \/><\/figure><\/li><li class=\"blocks-gallery-item\"><figure><img loading=\"lazy\" decoding=\"async\" width=\"1400\" height=\"800\" src=\"https:\/\/www.imsalud.gov.co\/web\/wp-content\/uploads\/2019\/08\/1ab17691-9404-4581-87df-0b5260e6bee3-1400x800.jpg\" alt=\"\" data-id=\"22476\" data-link=\"https:\/\/www.imsalud.gov.co\/web\/?attachment_id=22476#main\" class=\"wp-image-22476\"\/><\/figure><\/li><\/ul>\n","protected":false},"excerpt":{"rendered":"<p>Todos los a\u00f1os la Alianza mundial Pro Lactancia Materna (WABA) celebra la Semana Mundial de la Lactancia Materna del 1\u00ba al 7 de agosto y este a\u00f1o el lema propuesto [&#8230;]\n","protected":false},"author":19,"featured_media":22505,"comment_status":"open","ping_status":"open","sticky":false,"template":"","format":"standard","meta":{"footnotes":""},"categories":[378,74],"tags":[],"class_list":["post-22474","post","type-post","status-publish","format-standard","has-post-thumbnail","hentry","category-pyp","category-ultimas-noticias"],"_links":{"self":[{"href":"https:\/\/www.imsalud.gov.co\/web\/wp-json\/wp\/v2\/posts\/22474","targetHints":{"allow":["GET"]}}],"collection":[{"href":"https:\/\/www.imsalud.gov.co\/web\/wp-json\/wp\/v2\/posts"}],"about":[{"href":"https:\/\/www.imsalud.gov.co\/web\/wp-json\/wp\/v2\/types\/post"}],"author":[{"embeddable":true,"href":"https:\/\/www.imsalud.gov.co\/web\/wp-json\/wp\/v2\/users\/19"}],"replies":[{"embeddable":true,"href":"https:\/\/www.imsalud.gov.co\/web\/wp-json\/wp\/v2\/comments?post=22474"}],"version-history":[{"count":7,"href":"https:\/\/www.imsalud.gov.co\/web\/wp-json\/wp\/v2\/posts\/22474\/revisions"}],"predecessor-version":[{"id":22507,"href":"https:\/\/www.imsalud.gov.co\/web\/wp-json\/wp\/v2\/posts\/22474\/revisions\/22507"}],"wp:featuredmedia":[{"embeddable":true,"href":"https:\/\/www.imsalud.gov.co\/web\/wp-json\/wp\/v2\/media\/22505"}],"wp:attachment":[{"href":"https:\/\/www.imsalud.gov.co\/web\/wp-json\/wp\/v2\/media?parent=22474"}],"wp:term":[{"taxonomy":"category","embeddable":true,"href":"https:\/\/www.imsalud.gov.co\/web\/wp-json\/wp\/v2\/categories?post=22474"},{"taxonomy":"post_tag","embeddable":true,"href":"https:\/\/www.imsalud.gov.co\/web\/wp-json\/wp\/v2\/tags?post=22474"}],"curies":[{"name":"wp","href":"https:\/\/api.w.org\/{rel}","templated":true}]}}