{"id":22455,"date":"2019-08-02T09:39:25","date_gmt":"2019-08-02T14:39:25","guid":{"rendered":"https:\/\/www.imsalud.gov.co\/web\/?p=22455"},"modified":"2019-08-02T09:45:19","modified_gmt":"2019-08-02T14:45:19","slug":"acto-de-posesion-a-nuevos-funcionarios-en-la-e-s-e-imsalud-3","status":"publish","type":"post","link":"https:\/\/www.imsalud.gov.co\/web\/sala-de-prensa\/ultimas-noticias\/acto-de-posesion-a-nuevos-funcionarios-en-la-e-s-e-imsalud-3\/","title":{"rendered":"Acto de Posesi\u00f3n a nuevos funcionarios en la E.S.E Imsalud"},"content":{"rendered":"\n<p>La Dra. Katherine Calabr\u00f3 Galvis Gerente de la E.S.E. Imsalud,  llev\u00f3 a cabo en el despacho de la entidad, el acto administrativo de nombramiento a los funcionarios:<\/p>\n\n\n\n<ul class=\"wp-block-list\"><li> Laura Juliana Fl\u00f3rez Rojas\u2013 Prof. Servicio Social obligatorio (Medicina).<\/li><li> Miguel \u00c1ngel Carrascal Claro \u2013 Prof. Servicio Social obligatorio (Medicina).<\/li><\/ul>\n\n\n\n<p>La E.S.E Imsalud felicita ampliamente a los nuevos miembros de nuestra empresa, \u201cEl deseo es la clave de la motivaci\u00f3n, pero es la determinaci\u00f3n y el compromiso orientado a la excelencia, lo que permite alcanzar el \u00e9xito\u201d<\/p>\n\n\n\n<ul class=\"wp-block-gallery columns-2 is-cropped wp-block-gallery-1 is-layout-flex wp-block-gallery-is-layout-flex\"><li class=\"blocks-gallery-item\"><figure><img loading=\"lazy\" decoding=\"async\" width=\"800\" height=\"533\" src=\"https:\/\/i2.wp.com\/www.imsalud.gov.co\/web\/wp-content\/uploads\/2019\/08\/IMG_1509.jpg?fit=1020%2C583&amp;ssl=1\" alt=\"\" data-id=\"22457\" data-link=\"https:\/\/www.imsalud.gov.co\/web\/?attachment_id=22457#main\" class=\"wp-image-22457\" srcset=\"https:\/\/www.imsalud.gov.co\/web\/wp-content\/uploads\/2019\/08\/IMG_1509.jpg 800w, https:\/\/www.imsalud.gov.co\/web\/wp-content\/uploads\/2019\/08\/IMG_1509-768x511.jpg 768w\" sizes=\"auto, (max-width: 800px) 100vw, 800px\" \/><\/figure><\/li><li class=\"blocks-gallery-item\"><figure><img loading=\"lazy\" decoding=\"async\" width=\"800\" height=\"533\" src=\"https:\/\/i1.wp.com\/www.imsalud.gov.co\/web\/wp-content\/uploads\/2019\/08\/IMG_1511.jpg?fit=1020%2C583&amp;ssl=1\" alt=\"\" data-id=\"22458\" data-link=\"https:\/\/www.imsalud.gov.co\/web\/?attachment_id=22458#main\" class=\"wp-image-22458\" srcset=\"https:\/\/www.imsalud.gov.co\/web\/wp-content\/uploads\/2019\/08\/IMG_1511.jpg 800w, https:\/\/www.imsalud.gov.co\/web\/wp-content\/uploads\/2019\/08\/IMG_1511-768x511.jpg 768w\" sizes=\"auto, (max-width: 800px) 100vw, 800px\" \/><\/figure><\/li><\/ul>\n","protected":false},"excerpt":{"rendered":"<p>La Dra. Katherine Calabr\u00f3 Galvis Gerente de la E.S.E. Imsalud, llev\u00f3 a cabo en el despacho de la entidad, el acto administrativo de nombramiento a los funcionarios: Laura Juliana Fl\u00f3rez [&#8230;]\n","protected":false},"author":19,"featured_media":22462,"comment_status":"open","ping_status":"open","sticky":false,"template":"","format":"standard","meta":{"footnotes":""},"categories":[74],"tags":[],"class_list":["post-22455","post","type-post","status-publish","format-standard","has-post-thumbnail","hentry","category-ultimas-noticias"],"_links":{"self":[{"href":"https:\/\/www.imsalud.gov.co\/web\/wp-json\/wp\/v2\/posts\/22455","targetHints":{"allow":["GET"]}}],"collection":[{"href":"https:\/\/www.imsalud.gov.co\/web\/wp-json\/wp\/v2\/posts"}],"about":[{"href":"https:\/\/www.imsalud.gov.co\/web\/wp-json\/wp\/v2\/types\/post"}],"author":[{"embeddable":true,"href":"https:\/\/www.imsalud.gov.co\/web\/wp-json\/wp\/v2\/users\/19"}],"replies":[{"embeddable":true,"href":"https:\/\/www.imsalud.gov.co\/web\/wp-json\/wp\/v2\/comments?post=22455"}],"version-history":[{"count":4,"href":"https:\/\/www.imsalud.gov.co\/web\/wp-json\/wp\/v2\/posts\/22455\/revisions"}],"predecessor-version":[{"id":22463,"href":"https:\/\/www.imsalud.gov.co\/web\/wp-json\/wp\/v2\/posts\/22455\/revisions\/22463"}],"wp:featuredmedia":[{"embeddable":true,"href":"https:\/\/www.imsalud.gov.co\/web\/wp-json\/wp\/v2\/media\/22462"}],"wp:attachment":[{"href":"https:\/\/www.imsalud.gov.co\/web\/wp-json\/wp\/v2\/media?parent=22455"}],"wp:term":[{"taxonomy":"category","embeddable":true,"href":"https:\/\/www.imsalud.gov.co\/web\/wp-json\/wp\/v2\/categories?post=22455"},{"taxonomy":"post_tag","embeddable":true,"href":"https:\/\/www.imsalud.gov.co\/web\/wp-json\/wp\/v2\/tags?post=22455"}],"curies":[{"name":"wp","href":"https:\/\/api.w.org\/{rel}","templated":true}]}}