{"id":22299,"date":"2019-07-20T13:41:10","date_gmt":"2019-07-20T18:41:10","guid":{"rendered":"https:\/\/www.imsalud.gov.co\/web\/?p=22299"},"modified":"2019-07-20T13:41:18","modified_gmt":"2019-07-20T18:41:18","slug":"brigada-de-salud-sena","status":"publish","type":"post","link":"https:\/\/www.imsalud.gov.co\/web\/sala-de-prensa\/ultimas-noticias\/brigada-de-salud-sena\/","title":{"rendered":"Brigada de Salud -SENA"},"content":{"rendered":"\n<p>La&nbsp;<strong>Empresa Social del Estado IMSALUD<\/strong>, llev\u00f3 a cabo en el SENA la Brigada de Salud para los usuarios en los programas de Promoci\u00f3n y Prevenci\u00f3n tales como salud oral, asesor\u00eda y planificaci\u00f3n familiar, entre otros servicios.<\/p>\n\n\n\n<p>La Brigada estuvo a cargo de los m\u00e9dicos Nestor Aguilar, Yurley Sarmiento y el grupo que conforma la unidad m\u00f3vil&nbsp;.<br><\/p>\n\n\n\n<ul class=\"wp-block-gallery columns-3 is-cropped wp-block-gallery-1 is-layout-flex wp-block-gallery-is-layout-flex\"><li class=\"blocks-gallery-item\"><figure><img loading=\"lazy\" decoding=\"async\" width=\"1192\" height=\"894\" src=\"https:\/\/i1.wp.com\/www.imsalud.gov.co\/web\/wp-content\/uploads\/2019\/07\/svbsv-1.jpg?fit=1020%2C583&amp;ssl=1\" alt=\"\" data-id=\"22310\" data-link=\"https:\/\/www.imsalud.gov.co\/web\/?attachment_id=22310#main\" class=\"wp-image-22310\" srcset=\"https:\/\/www.imsalud.gov.co\/web\/wp-content\/uploads\/2019\/07\/svbsv-1.jpg 1192w, https:\/\/www.imsalud.gov.co\/web\/wp-content\/uploads\/2019\/07\/svbsv-1-768x576.jpg 768w\" sizes=\"auto, (max-width: 1192px) 100vw, 1192px\" \/><\/figure><\/li><li class=\"blocks-gallery-item\"><figure><img loading=\"lazy\" decoding=\"async\" width=\"856\" height=\"1142\" src=\"https:\/\/i2.wp.com\/www.imsalud.gov.co\/web\/wp-content\/uploads\/2019\/07\/svbsv-2.jpg?fit=1020%2C583&amp;ssl=1\" alt=\"\" data-id=\"22311\" data-link=\"https:\/\/www.imsalud.gov.co\/web\/?attachment_id=22311#main\" class=\"wp-image-22311\" srcset=\"https:\/\/www.imsalud.gov.co\/web\/wp-content\/uploads\/2019\/07\/svbsv-2.jpg 856w, https:\/\/www.imsalud.gov.co\/web\/wp-content\/uploads\/2019\/07\/svbsv-2-768x1024.jpg 768w\" sizes=\"auto, (max-width: 856px) 100vw, 856px\" \/><\/figure><\/li><li class=\"blocks-gallery-item\"><figure><img loading=\"lazy\" decoding=\"async\" width=\"1199\" height=\"899\" src=\"https:\/\/i2.wp.com\/www.imsalud.gov.co\/web\/wp-content\/uploads\/2019\/07\/svbsv-4.jpg?fit=1020%2C583&amp;ssl=1\" alt=\"\" data-id=\"22312\" data-link=\"https:\/\/www.imsalud.gov.co\/web\/?attachment_id=22312#main\" class=\"wp-image-22312\" srcset=\"https:\/\/www.imsalud.gov.co\/web\/wp-content\/uploads\/2019\/07\/svbsv-4.jpg 1199w, https:\/\/www.imsalud.gov.co\/web\/wp-content\/uploads\/2019\/07\/svbsv-4-768x575.jpg 768w\" sizes=\"auto, (max-width: 1199px) 100vw, 1199px\" \/><\/figure><\/li><\/ul>\n","protected":false},"excerpt":{"rendered":"<p>La&nbsp;Empresa Social del Estado IMSALUD, llev\u00f3 a cabo en el SENA la Brigada de Salud para los usuarios en los programas de Promoci\u00f3n y Prevenci\u00f3n tales como salud oral, asesor\u00eda [&#8230;]\n","protected":false},"author":19,"featured_media":22306,"comment_status":"open","ping_status":"open","sticky":false,"template":"","format":"standard","meta":{"footnotes":""},"categories":[378,74],"tags":[],"class_list":["post-22299","post","type-post","status-publish","format-standard","has-post-thumbnail","hentry","category-pyp","category-ultimas-noticias"],"_links":{"self":[{"href":"https:\/\/www.imsalud.gov.co\/web\/wp-json\/wp\/v2\/posts\/22299","targetHints":{"allow":["GET"]}}],"collection":[{"href":"https:\/\/www.imsalud.gov.co\/web\/wp-json\/wp\/v2\/posts"}],"about":[{"href":"https:\/\/www.imsalud.gov.co\/web\/wp-json\/wp\/v2\/types\/post"}],"author":[{"embeddable":true,"href":"https:\/\/www.imsalud.gov.co\/web\/wp-json\/wp\/v2\/users\/19"}],"replies":[{"embeddable":true,"href":"https:\/\/www.imsalud.gov.co\/web\/wp-json\/wp\/v2\/comments?post=22299"}],"version-history":[{"count":5,"href":"https:\/\/www.imsalud.gov.co\/web\/wp-json\/wp\/v2\/posts\/22299\/revisions"}],"predecessor-version":[{"id":22327,"href":"https:\/\/www.imsalud.gov.co\/web\/wp-json\/wp\/v2\/posts\/22299\/revisions\/22327"}],"wp:featuredmedia":[{"embeddable":true,"href":"https:\/\/www.imsalud.gov.co\/web\/wp-json\/wp\/v2\/media\/22306"}],"wp:attachment":[{"href":"https:\/\/www.imsalud.gov.co\/web\/wp-json\/wp\/v2\/media?parent=22299"}],"wp:term":[{"taxonomy":"category","embeddable":true,"href":"https:\/\/www.imsalud.gov.co\/web\/wp-json\/wp\/v2\/categories?post=22299"},{"taxonomy":"post_tag","embeddable":true,"href":"https:\/\/www.imsalud.gov.co\/web\/wp-json\/wp\/v2\/tags?post=22299"}],"curies":[{"name":"wp","href":"https:\/\/api.w.org\/{rel}","templated":true}]}}