{"id":22288,"date":"2019-07-20T13:38:15","date_gmt":"2019-07-20T18:38:15","guid":{"rendered":"https:\/\/www.imsalud.gov.co\/web\/?p=22288"},"modified":"2019-07-20T13:38:22","modified_gmt":"2019-07-20T18:38:22","slug":"brigada-de-salud-barrio-jeronimo-uribe","status":"publish","type":"post","link":"https:\/\/www.imsalud.gov.co\/web\/sala-de-prensa\/ultimas-noticias\/brigada-de-salud-barrio-jeronimo-uribe\/","title":{"rendered":"Brigada de Salud &#8211; Barrio Jer\u00f3nimo Uribe"},"content":{"rendered":"\n<p> La&nbsp;<strong>Empresa Social del Estado IMSALUD<\/strong>,  llev\u00f3 a cabo en el Barrio Jer\u00f3nimo Uribe, la Brigada de Salud para los usuarios en los programas de Promoci\u00f3n y Prevenci\u00f3n, tales como control de crecimiento y desarrollo, control del ni\u00f1o, joven y adulto mayor, tamizaje visual, salud oral, asesor\u00eda y planificaci\u00f3n familiar, entre otros servicios. <\/p>\n\n\n\n<p>La Brigada estuvo a cargo de los m\u00e9dicos Nestor Aguilar, Yurley Sarmiento y el grupo que conforma la unidad m\u00f3vil&nbsp;.<\/p>\n\n\n\n<ul class=\"wp-block-gallery columns-3 is-cropped wp-block-gallery-1 is-layout-flex wp-block-gallery-is-layout-flex\"><li class=\"blocks-gallery-item\"><figure><img loading=\"lazy\" decoding=\"async\" width=\"600\" height=\"800\" src=\"https:\/\/www.imsalud.gov.co\/web\/wp-content\/uploads\/2019\/07\/dd915c9b-ebfa-4618-952b-30c06837ed7b-600x800.jpg\" alt=\"\" data-id=\"22293\" data-link=\"https:\/\/www.imsalud.gov.co\/web\/?attachment_id=22293#main\" class=\"wp-image-22293\" srcset=\"https:\/\/www.imsalud.gov.co\/web\/wp-content\/uploads\/2019\/07\/dd915c9b-ebfa-4618-952b-30c06837ed7b-600x800.jpg 600w, https:\/\/www.imsalud.gov.co\/web\/wp-content\/uploads\/2019\/07\/dd915c9b-ebfa-4618-952b-30c06837ed7b-300x400.jpg 300w, https:\/\/www.imsalud.gov.co\/web\/wp-content\/uploads\/2019\/07\/dd915c9b-ebfa-4618-952b-30c06837ed7b-768x1024.jpg 768w, https:\/\/www.imsalud.gov.co\/web\/wp-content\/uploads\/2019\/07\/dd915c9b-ebfa-4618-952b-30c06837ed7b.jpg 960w\" sizes=\"auto, (max-width: 600px) 100vw, 600px\" \/><\/figure><\/li><li class=\"blocks-gallery-item\"><figure><img loading=\"lazy\" decoding=\"async\" width=\"600\" height=\"800\" src=\"https:\/\/www.imsalud.gov.co\/web\/wp-content\/uploads\/2019\/07\/9611042e-d9fb-46c8-8fb3-0620ce78555b-600x800.jpg\" alt=\"\" data-id=\"22292\" data-link=\"https:\/\/www.imsalud.gov.co\/web\/?attachment_id=22292#main\" class=\"wp-image-22292\" srcset=\"https:\/\/www.imsalud.gov.co\/web\/wp-content\/uploads\/2019\/07\/9611042e-d9fb-46c8-8fb3-0620ce78555b-600x800.jpg 600w, https:\/\/www.imsalud.gov.co\/web\/wp-content\/uploads\/2019\/07\/9611042e-d9fb-46c8-8fb3-0620ce78555b-300x400.jpg 300w, https:\/\/www.imsalud.gov.co\/web\/wp-content\/uploads\/2019\/07\/9611042e-d9fb-46c8-8fb3-0620ce78555b-768x1024.jpg 768w, https:\/\/www.imsalud.gov.co\/web\/wp-content\/uploads\/2019\/07\/9611042e-d9fb-46c8-8fb3-0620ce78555b.jpg 960w\" sizes=\"auto, (max-width: 600px) 100vw, 600px\" \/><\/figure><\/li><li class=\"blocks-gallery-item\"><figure><img loading=\"lazy\" decoding=\"async\" width=\"1067\" height=\"800\" src=\"https:\/\/www.imsalud.gov.co\/web\/wp-content\/uploads\/2019\/07\/82afa7a9-9a99-4fc7-b2c1-cae85bf7864c-1067x800.jpg\" alt=\"\" data-id=\"22291\" data-link=\"https:\/\/www.imsalud.gov.co\/web\/?attachment_id=22291#main\" class=\"wp-image-22291\" srcset=\"https:\/\/www.imsalud.gov.co\/web\/wp-content\/uploads\/2019\/07\/82afa7a9-9a99-4fc7-b2c1-cae85bf7864c-1067x800.jpg 1067w, https:\/\/www.imsalud.gov.co\/web\/wp-content\/uploads\/2019\/07\/82afa7a9-9a99-4fc7-b2c1-cae85bf7864c-533x400.jpg 533w, https:\/\/www.imsalud.gov.co\/web\/wp-content\/uploads\/2019\/07\/82afa7a9-9a99-4fc7-b2c1-cae85bf7864c-768x576.jpg 768w, https:\/\/www.imsalud.gov.co\/web\/wp-content\/uploads\/2019\/07\/82afa7a9-9a99-4fc7-b2c1-cae85bf7864c.jpg 1280w\" sizes=\"auto, (max-width: 1067px) 100vw, 1067px\" \/><\/figure><\/li><li class=\"blocks-gallery-item\"><figure><img loading=\"lazy\" decoding=\"async\" width=\"600\" height=\"800\" src=\"https:\/\/www.imsalud.gov.co\/web\/wp-content\/uploads\/2019\/07\/74c83b08-b662-4ac4-aaf6-a0bfd6a5e281-600x800.jpg\" alt=\"\" data-id=\"22290\" data-link=\"https:\/\/www.imsalud.gov.co\/web\/?attachment_id=22290#main\" class=\"wp-image-22290\" srcset=\"https:\/\/www.imsalud.gov.co\/web\/wp-content\/uploads\/2019\/07\/74c83b08-b662-4ac4-aaf6-a0bfd6a5e281-600x800.jpg 600w, https:\/\/www.imsalud.gov.co\/web\/wp-content\/uploads\/2019\/07\/74c83b08-b662-4ac4-aaf6-a0bfd6a5e281-300x400.jpg 300w, https:\/\/www.imsalud.gov.co\/web\/wp-content\/uploads\/2019\/07\/74c83b08-b662-4ac4-aaf6-a0bfd6a5e281-768x1024.jpg 768w, https:\/\/www.imsalud.gov.co\/web\/wp-content\/uploads\/2019\/07\/74c83b08-b662-4ac4-aaf6-a0bfd6a5e281.jpg 960w\" sizes=\"auto, (max-width: 600px) 100vw, 600px\" \/><\/figure><\/li><li class=\"blocks-gallery-item\"><figure><img loading=\"lazy\" decoding=\"async\" width=\"600\" height=\"800\" src=\"https:\/\/www.imsalud.gov.co\/web\/wp-content\/uploads\/2019\/07\/8cab3f0b-1f53-4d94-b73f-bfa1fd90728d-600x800.jpg\" alt=\"\" data-id=\"22289\" data-link=\"https:\/\/www.imsalud.gov.co\/web\/?attachment_id=22289#main\" class=\"wp-image-22289\" srcset=\"https:\/\/www.imsalud.gov.co\/web\/wp-content\/uploads\/2019\/07\/8cab3f0b-1f53-4d94-b73f-bfa1fd90728d-600x800.jpg 600w, https:\/\/www.imsalud.gov.co\/web\/wp-content\/uploads\/2019\/07\/8cab3f0b-1f53-4d94-b73f-bfa1fd90728d-300x400.jpg 300w, https:\/\/www.imsalud.gov.co\/web\/wp-content\/uploads\/2019\/07\/8cab3f0b-1f53-4d94-b73f-bfa1fd90728d-768x1024.jpg 768w, https:\/\/www.imsalud.gov.co\/web\/wp-content\/uploads\/2019\/07\/8cab3f0b-1f53-4d94-b73f-bfa1fd90728d.jpg 960w\" sizes=\"auto, (max-width: 600px) 100vw, 600px\" \/><\/figure><\/li><\/ul>\n","protected":false},"excerpt":{"rendered":"<p>La&nbsp;Empresa Social del Estado IMSALUD, llev\u00f3 a cabo en el Barrio Jer\u00f3nimo Uribe, la Brigada de Salud para los usuarios en los programas de Promoci\u00f3n y Prevenci\u00f3n, tales como control [&#8230;]\n","protected":false},"author":19,"featured_media":22297,"comment_status":"open","ping_status":"open","sticky":false,"template":"","format":"standard","meta":{"footnotes":""},"categories":[378,74],"tags":[],"class_list":["post-22288","post","type-post","status-publish","format-standard","has-post-thumbnail","hentry","category-pyp","category-ultimas-noticias"],"_links":{"self":[{"href":"https:\/\/www.imsalud.gov.co\/web\/wp-json\/wp\/v2\/posts\/22288","targetHints":{"allow":["GET"]}}],"collection":[{"href":"https:\/\/www.imsalud.gov.co\/web\/wp-json\/wp\/v2\/posts"}],"about":[{"href":"https:\/\/www.imsalud.gov.co\/web\/wp-json\/wp\/v2\/types\/post"}],"author":[{"embeddable":true,"href":"https:\/\/www.imsalud.gov.co\/web\/wp-json\/wp\/v2\/users\/19"}],"replies":[{"embeddable":true,"href":"https:\/\/www.imsalud.gov.co\/web\/wp-json\/wp\/v2\/comments?post=22288"}],"version-history":[{"count":4,"href":"https:\/\/www.imsalud.gov.co\/web\/wp-json\/wp\/v2\/posts\/22288\/revisions"}],"predecessor-version":[{"id":22326,"href":"https:\/\/www.imsalud.gov.co\/web\/wp-json\/wp\/v2\/posts\/22288\/revisions\/22326"}],"wp:featuredmedia":[{"embeddable":true,"href":"https:\/\/www.imsalud.gov.co\/web\/wp-json\/wp\/v2\/media\/22297"}],"wp:attachment":[{"href":"https:\/\/www.imsalud.gov.co\/web\/wp-json\/wp\/v2\/media?parent=22288"}],"wp:term":[{"taxonomy":"category","embeddable":true,"href":"https:\/\/www.imsalud.gov.co\/web\/wp-json\/wp\/v2\/categories?post=22288"},{"taxonomy":"post_tag","embeddable":true,"href":"https:\/\/www.imsalud.gov.co\/web\/wp-json\/wp\/v2\/tags?post=22288"}],"curies":[{"name":"wp","href":"https:\/\/api.w.org\/{rel}","templated":true}]}}