{"id":17917,"date":"2018-11-21T09:20:12","date_gmt":"2018-11-21T14:20:12","guid":{"rendered":"http:\/\/www.imsalud.gov.co\/web\/?p=17917"},"modified":"2018-11-21T09:20:12","modified_gmt":"2018-11-21T14:20:12","slug":"imsalud-llevo-a-cabo-ii-encuentro-de-seguridad-del-paciente","status":"publish","type":"post","link":"https:\/\/www.imsalud.gov.co\/web\/sala-de-prensa\/ultimas-noticias\/imsalud-llevo-a-cabo-ii-encuentro-de-seguridad-del-paciente\/","title":{"rendered":"IMSALUD llev\u00f3 a cabo II encuentro de Seguridad del Paciente"},"content":{"rendered":"<p>La E.S.E Imsalud, llev\u00f3 a cabo el II encuentro de Seguridad del Paciente, con enfoque en ATENCI\u00d3N SEGURA del binomio madre e hijo en las instalaciones de la Universidad de Santander con el apoyo del programa de Enfermeria UDES y el Programa de Seguridad del Paciente de IMSALUD.<\/p>\n<div id='gallery-1' class='gallery galleryid-17917 gallery-columns-3 gallery-size-thumbnail'><figure class='gallery-item'>\n\t\t\t<div class='gallery-icon landscape'>\n\t\t\t\t<a href='https:\/\/www.imsalud.gov.co\/web\/sala-de-prensa\/ultimas-noticias\/imsalud-llevo-a-cabo-ii-encuentro-de-seguridad-del-paciente\/attachment\/whatsapp-image-2018-11-16-at-8-28-37-am\/#main'><img loading=\"lazy\" decoding=\"async\" width=\"150\" height=\"150\" src=\"https:\/\/www.imsalud.gov.co\/web\/wp-content\/uploads\/2018\/11\/WhatsApp-Image-2018-11-16-at-8.28.37-AM-280x280.jpeg\" class=\"attachment-thumbnail size-thumbnail\" alt=\"\" srcset=\"https:\/\/www.imsalud.gov.co\/web\/wp-content\/uploads\/2018\/11\/WhatsApp-Image-2018-11-16-at-8.28.37-AM-280x280.jpeg 280w, https:\/\/www.imsalud.gov.co\/web\/wp-content\/uploads\/2018\/11\/WhatsApp-Image-2018-11-16-at-8.28.37-AM-300x300.jpeg 300w\" sizes=\"auto, (max-width: 150px) 100vw, 150px\" \/><\/a>\n\t\t\t<\/div><\/figure><figure class='gallery-item'>\n\t\t\t<div class='gallery-icon landscape'>\n\t\t\t\t<a href='https:\/\/www.imsalud.gov.co\/web\/sala-de-prensa\/ultimas-noticias\/imsalud-llevo-a-cabo-ii-encuentro-de-seguridad-del-paciente\/attachment\/whatsapp-image-2018-11-16-at-8-28-39-am\/#main'><img loading=\"lazy\" decoding=\"async\" width=\"150\" height=\"150\" src=\"https:\/\/www.imsalud.gov.co\/web\/wp-content\/uploads\/2018\/11\/WhatsApp-Image-2018-11-16-at-8.28.39-AM-280x280.jpeg\" class=\"attachment-thumbnail size-thumbnail\" alt=\"\" srcset=\"https:\/\/www.imsalud.gov.co\/web\/wp-content\/uploads\/2018\/11\/WhatsApp-Image-2018-11-16-at-8.28.39-AM-280x280.jpeg 280w, https:\/\/www.imsalud.gov.co\/web\/wp-content\/uploads\/2018\/11\/WhatsApp-Image-2018-11-16-at-8.28.39-AM-300x300.jpeg 300w\" sizes=\"auto, (max-width: 150px) 100vw, 150px\" \/><\/a>\n\t\t\t<\/div><\/figure><figure class='gallery-item'>\n\t\t\t<div class='gallery-icon landscape'>\n\t\t\t\t<a href='https:\/\/www.imsalud.gov.co\/web\/sala-de-prensa\/ultimas-noticias\/imsalud-llevo-a-cabo-ii-encuentro-de-seguridad-del-paciente\/attachment\/whatsapp-image-2018-11-16-at-8-28-40-am-2\/#main'><img loading=\"lazy\" decoding=\"async\" width=\"150\" height=\"150\" src=\"https:\/\/www.imsalud.gov.co\/web\/wp-content\/uploads\/2018\/11\/WhatsApp-Image-2018-11-16-at-8.28.40-AM-2-280x280.jpeg\" class=\"attachment-thumbnail size-thumbnail\" alt=\"\" srcset=\"https:\/\/www.imsalud.gov.co\/web\/wp-content\/uploads\/2018\/11\/WhatsApp-Image-2018-11-16-at-8.28.40-AM-2-280x280.jpeg 280w, https:\/\/www.imsalud.gov.co\/web\/wp-content\/uploads\/2018\/11\/WhatsApp-Image-2018-11-16-at-8.28.40-AM-2-300x300.jpeg 300w\" sizes=\"auto, (max-width: 150px) 100vw, 150px\" \/><\/a>\n\t\t\t<\/div><\/figure><figure class='gallery-item'>\n\t\t\t<div class='gallery-icon landscape'>\n\t\t\t\t<a href='https:\/\/www.imsalud.gov.co\/web\/sala-de-prensa\/ultimas-noticias\/imsalud-llevo-a-cabo-ii-encuentro-de-seguridad-del-paciente\/attachment\/whatsapp-image-2018-11-16-at-8-28-40-am-1\/#main'><img loading=\"lazy\" decoding=\"async\" width=\"150\" height=\"150\" src=\"https:\/\/www.imsalud.gov.co\/web\/wp-content\/uploads\/2018\/11\/WhatsApp-Image-2018-11-16-at-8.28.40-AM-1-280x280.jpeg\" class=\"attachment-thumbnail size-thumbnail\" alt=\"\" srcset=\"https:\/\/www.imsalud.gov.co\/web\/wp-content\/uploads\/2018\/11\/WhatsApp-Image-2018-11-16-at-8.28.40-AM-1-280x280.jpeg 280w, https:\/\/www.imsalud.gov.co\/web\/wp-content\/uploads\/2018\/11\/WhatsApp-Image-2018-11-16-at-8.28.40-AM-1-300x300.jpeg 300w\" sizes=\"auto, (max-width: 150px) 100vw, 150px\" \/><\/a>\n\t\t\t<\/div><\/figure><figure class='gallery-item'>\n\t\t\t<div class='gallery-icon landscape'>\n\t\t\t\t<a href='https:\/\/www.imsalud.gov.co\/web\/sala-de-prensa\/ultimas-noticias\/imsalud-llevo-a-cabo-ii-encuentro-de-seguridad-del-paciente\/attachment\/whatsapp-image-2018-11-16-at-8-28-40-am\/#main'><img loading=\"lazy\" decoding=\"async\" width=\"150\" height=\"150\" src=\"https:\/\/www.imsalud.gov.co\/web\/wp-content\/uploads\/2018\/11\/WhatsApp-Image-2018-11-16-at-8.28.40-AM-280x280.jpeg\" class=\"attachment-thumbnail size-thumbnail\" alt=\"\" srcset=\"https:\/\/www.imsalud.gov.co\/web\/wp-content\/uploads\/2018\/11\/WhatsApp-Image-2018-11-16-at-8.28.40-AM-280x280.jpeg 280w, https:\/\/www.imsalud.gov.co\/web\/wp-content\/uploads\/2018\/11\/WhatsApp-Image-2018-11-16-at-8.28.40-AM-300x300.jpeg 300w\" sizes=\"auto, (max-width: 150px) 100vw, 150px\" \/><\/a>\n\t\t\t<\/div><\/figure><figure class='gallery-item'>\n\t\t\t<div class='gallery-icon landscape'>\n\t\t\t\t<a href='https:\/\/www.imsalud.gov.co\/web\/sala-de-prensa\/ultimas-noticias\/imsalud-llevo-a-cabo-ii-encuentro-de-seguridad-del-paciente\/attachment\/whatsapp-image-2018-11-16-at-8-28-41-am\/#main'><img loading=\"lazy\" decoding=\"async\" width=\"150\" height=\"150\" src=\"https:\/\/www.imsalud.gov.co\/web\/wp-content\/uploads\/2018\/11\/WhatsApp-Image-2018-11-16-at-8.28.41-AM-280x280.jpeg\" class=\"attachment-thumbnail size-thumbnail\" alt=\"\" srcset=\"https:\/\/www.imsalud.gov.co\/web\/wp-content\/uploads\/2018\/11\/WhatsApp-Image-2018-11-16-at-8.28.41-AM-280x280.jpeg 280w, https:\/\/www.imsalud.gov.co\/web\/wp-content\/uploads\/2018\/11\/WhatsApp-Image-2018-11-16-at-8.28.41-AM-300x300.jpeg 300w\" sizes=\"auto, (max-width: 150px) 100vw, 150px\" \/><\/a>\n\t\t\t<\/div><\/figure>\n\t\t<\/div>\n\n","protected":false},"excerpt":{"rendered":"<p>La E.S.E Imsalud, llev\u00f3 a cabo el II encuentro de Seguridad del Paciente, con enfoque en ATENCI\u00d3N SEGURA del binomio madre e hijo en las instalaciones de la Universidad de [&#8230;]\n","protected":false},"author":19,"featured_media":17924,"comment_status":"open","ping_status":"open","sticky":false,"template":"","format":"standard","meta":{"footnotes":""},"categories":[74],"tags":[],"class_list":["post-17917","post","type-post","status-publish","format-standard","has-post-thumbnail","hentry","category-ultimas-noticias"],"_links":{"self":[{"href":"https:\/\/www.imsalud.gov.co\/web\/wp-json\/wp\/v2\/posts\/17917","targetHints":{"allow":["GET"]}}],"collection":[{"href":"https:\/\/www.imsalud.gov.co\/web\/wp-json\/wp\/v2\/posts"}],"about":[{"href":"https:\/\/www.imsalud.gov.co\/web\/wp-json\/wp\/v2\/types\/post"}],"author":[{"embeddable":true,"href":"https:\/\/www.imsalud.gov.co\/web\/wp-json\/wp\/v2\/users\/19"}],"replies":[{"embeddable":true,"href":"https:\/\/www.imsalud.gov.co\/web\/wp-json\/wp\/v2\/comments?post=17917"}],"version-history":[{"count":3,"href":"https:\/\/www.imsalud.gov.co\/web\/wp-json\/wp\/v2\/posts\/17917\/revisions"}],"predecessor-version":[{"id":17927,"href":"https:\/\/www.imsalud.gov.co\/web\/wp-json\/wp\/v2\/posts\/17917\/revisions\/17927"}],"wp:featuredmedia":[{"embeddable":true,"href":"https:\/\/www.imsalud.gov.co\/web\/wp-json\/wp\/v2\/media\/17924"}],"wp:attachment":[{"href":"https:\/\/www.imsalud.gov.co\/web\/wp-json\/wp\/v2\/media?parent=17917"}],"wp:term":[{"taxonomy":"category","embeddable":true,"href":"https:\/\/www.imsalud.gov.co\/web\/wp-json\/wp\/v2\/categories?post=17917"},{"taxonomy":"post_tag","embeddable":true,"href":"https:\/\/www.imsalud.gov.co\/web\/wp-json\/wp\/v2\/tags?post=17917"}],"curies":[{"name":"wp","href":"https:\/\/api.w.org\/{rel}","templated":true}]}}