{"id":17900,"date":"2018-11-15T20:34:48","date_gmt":"2018-11-16T01:34:48","guid":{"rendered":"http:\/\/www.imsalud.gov.co\/web\/?p=17900"},"modified":"2018-11-15T20:34:48","modified_gmt":"2018-11-16T01:34:48","slug":"brigada-de-salud-con-los-usuarios-de-medimas-en-la-ips-nina-ceci","status":"publish","type":"post","link":"https:\/\/www.imsalud.gov.co\/web\/nosotros\/dependencias\/pyp\/brigada-de-salud-con-los-usuarios-de-medimas-en-la-ips-nina-ceci\/","title":{"rendered":"Brigada de Salud con los usuarios de MEDIMAS en la Ips Ni\u00f1a Ceci"},"content":{"rendered":"<p>La <strong>Empresa Social del Estado IMSALUD<\/strong>,\u00a0llev\u00f3 a cabo con los usuarios de <strong>MEDIMAS EPS<\/strong> en la Ips Ni\u00f1a Ceci, la Brigada de Salud en los programas de Promoci\u00f3n y Prevenci\u00f3n, tales como control de crecimiento y desarrollo, control del ni\u00f1o, joven y adulto mayor, control prenatal, tamizaje visual, citolog\u00edas, ex\u00e1men de hemoglobina, salud oral, vacunaci\u00f3n, asesor\u00eda y planificaci\u00f3n familiar, entre otros servicios.<\/p>\n<p>La <strong>Dra. Andrea Galvis Jefe de Promoci\u00f3n y Prevenci\u00f3n<\/strong> invita a la comunidad a que participe activamente en las Brigadas de Salud de PyP, programadas\u00a0en las diferentes comunas de la Ciudad de C\u00facuta.<\/p>\n<p>Brindando as\u00ed el apoyo a la comunidad d\u00e1ndoles atenci\u00f3n inmediata, esto con el fin de lograr la detecci\u00f3n temprana de posibles enfermedades, que nos lleve a realizar un tratamiento precoz y oportuno, en la <strong>E.S.E Imsalud <\/strong>estamos trabajando por mejorar la calidad de vida de nuestra comunidad, porque <strong><em>\u201cSu bienestar de nuestra comunidad es nuestra prioridad\u201d<\/em><\/strong><\/p>\n<div id='gallery-1' class='gallery galleryid-17900 gallery-columns-3 gallery-size-thumbnail'><figure class='gallery-item'>\n\t\t\t<div class='gallery-icon landscape'>\n\t\t\t\t<a href='https:\/\/www.imsalud.gov.co\/web\/nosotros\/dependencias\/pyp\/brigada-de-salud-con-los-usuarios-de-medimas-en-la-ips-nina-ceci\/attachment\/1-20\/#main'><img loading=\"lazy\" decoding=\"async\" width=\"150\" height=\"150\" src=\"https:\/\/www.imsalud.gov.co\/web\/wp-content\/uploads\/2018\/11\/1-20-280x280.jpeg\" class=\"attachment-thumbnail size-thumbnail\" alt=\"\" srcset=\"https:\/\/www.imsalud.gov.co\/web\/wp-content\/uploads\/2018\/11\/1-20-280x280.jpeg 280w, https:\/\/www.imsalud.gov.co\/web\/wp-content\/uploads\/2018\/11\/1-20-300x300.jpeg 300w\" sizes=\"auto, (max-width: 150px) 100vw, 150px\" \/><\/a>\n\t\t\t<\/div><\/figure><figure class='gallery-item'>\n\t\t\t<div class='gallery-icon landscape'>\n\t\t\t\t<a href='https:\/\/www.imsalud.gov.co\/web\/nosotros\/dependencias\/pyp\/brigada-de-salud-con-los-usuarios-de-medimas-en-la-ips-nina-ceci\/attachment\/1-21\/#main'><img loading=\"lazy\" decoding=\"async\" width=\"150\" height=\"150\" src=\"https:\/\/www.imsalud.gov.co\/web\/wp-content\/uploads\/2018\/11\/1-21-280x280.jpeg\" class=\"attachment-thumbnail size-thumbnail\" alt=\"\" srcset=\"https:\/\/www.imsalud.gov.co\/web\/wp-content\/uploads\/2018\/11\/1-21-280x280.jpeg 280w, https:\/\/www.imsalud.gov.co\/web\/wp-content\/uploads\/2018\/11\/1-21-300x300.jpeg 300w\" sizes=\"auto, (max-width: 150px) 100vw, 150px\" \/><\/a>\n\t\t\t<\/div><\/figure><figure class='gallery-item'>\n\t\t\t<div class='gallery-icon landscape'>\n\t\t\t\t<a href='https:\/\/www.imsalud.gov.co\/web\/nosotros\/dependencias\/pyp\/brigada-de-salud-con-los-usuarios-de-medimas-en-la-ips-nina-ceci\/attachment\/1-22\/#main'><img loading=\"lazy\" decoding=\"async\" width=\"150\" height=\"150\" src=\"https:\/\/www.imsalud.gov.co\/web\/wp-content\/uploads\/2018\/11\/1-22-280x280.jpeg\" class=\"attachment-thumbnail size-thumbnail\" alt=\"\" srcset=\"https:\/\/www.imsalud.gov.co\/web\/wp-content\/uploads\/2018\/11\/1-22-280x280.jpeg 280w, https:\/\/www.imsalud.gov.co\/web\/wp-content\/uploads\/2018\/11\/1-22-300x300.jpeg 300w\" sizes=\"auto, (max-width: 150px) 100vw, 150px\" \/><\/a>\n\t\t\t<\/div><\/figure><figure class='gallery-item'>\n\t\t\t<div class='gallery-icon landscape'>\n\t\t\t\t<a href='https:\/\/www.imsalud.gov.co\/web\/nosotros\/dependencias\/pyp\/brigada-de-salud-con-los-usuarios-de-medimas-en-la-ips-nina-ceci\/attachment\/1-23\/#main'><img loading=\"lazy\" decoding=\"async\" width=\"150\" height=\"150\" src=\"https:\/\/www.imsalud.gov.co\/web\/wp-content\/uploads\/2018\/11\/1-23-280x280.jpeg\" class=\"attachment-thumbnail size-thumbnail\" alt=\"\" srcset=\"https:\/\/www.imsalud.gov.co\/web\/wp-content\/uploads\/2018\/11\/1-23-280x280.jpeg 280w, https:\/\/www.imsalud.gov.co\/web\/wp-content\/uploads\/2018\/11\/1-23-300x300.jpeg 300w\" sizes=\"auto, (max-width: 150px) 100vw, 150px\" \/><\/a>\n\t\t\t<\/div><\/figure><figure class='gallery-item'>\n\t\t\t<div class='gallery-icon landscape'>\n\t\t\t\t<a href='https:\/\/www.imsalud.gov.co\/web\/nosotros\/dependencias\/pyp\/brigada-de-salud-con-los-usuarios-de-medimas-en-la-ips-nina-ceci\/attachment\/1-24\/#main'><img loading=\"lazy\" decoding=\"async\" width=\"150\" height=\"150\" src=\"https:\/\/www.imsalud.gov.co\/web\/wp-content\/uploads\/2018\/11\/1-24-280x280.jpeg\" class=\"attachment-thumbnail size-thumbnail\" alt=\"\" srcset=\"https:\/\/www.imsalud.gov.co\/web\/wp-content\/uploads\/2018\/11\/1-24-280x280.jpeg 280w, https:\/\/www.imsalud.gov.co\/web\/wp-content\/uploads\/2018\/11\/1-24-300x300.jpeg 300w\" sizes=\"auto, (max-width: 150px) 100vw, 150px\" \/><\/a>\n\t\t\t<\/div><\/figure><figure class='gallery-item'>\n\t\t\t<div class='gallery-icon landscape'>\n\t\t\t\t<a href='https:\/\/www.imsalud.gov.co\/web\/nosotros\/dependencias\/pyp\/brigada-de-salud-con-los-usuarios-de-medimas-en-la-ips-nina-ceci\/attachment\/1-25\/#main'><img loading=\"lazy\" decoding=\"async\" width=\"150\" height=\"150\" src=\"https:\/\/www.imsalud.gov.co\/web\/wp-content\/uploads\/2018\/11\/1-25-280x280.jpeg\" class=\"attachment-thumbnail size-thumbnail\" alt=\"\" srcset=\"https:\/\/www.imsalud.gov.co\/web\/wp-content\/uploads\/2018\/11\/1-25-280x280.jpeg 280w, https:\/\/www.imsalud.gov.co\/web\/wp-content\/uploads\/2018\/11\/1-25-300x300.jpeg 300w\" sizes=\"auto, (max-width: 150px) 100vw, 150px\" \/><\/a>\n\t\t\t<\/div><\/figure><figure class='gallery-item'>\n\t\t\t<div class='gallery-icon landscape'>\n\t\t\t\t<a href='https:\/\/www.imsalud.gov.co\/web\/nosotros\/dependencias\/pyp\/brigada-de-salud-con-los-usuarios-de-medimas-en-la-ips-nina-ceci\/attachment\/1-19\/#main'><img loading=\"lazy\" decoding=\"async\" width=\"150\" height=\"150\" src=\"https:\/\/www.imsalud.gov.co\/web\/wp-content\/uploads\/2018\/11\/1-19-280x280.jpeg\" class=\"attachment-thumbnail size-thumbnail\" alt=\"\" srcset=\"https:\/\/www.imsalud.gov.co\/web\/wp-content\/uploads\/2018\/11\/1-19-280x280.jpeg 280w, https:\/\/www.imsalud.gov.co\/web\/wp-content\/uploads\/2018\/11\/1-19-300x300.jpeg 300w\" sizes=\"auto, (max-width: 150px) 100vw, 150px\" \/><\/a>\n\t\t\t<\/div><\/figure>\n\t\t<\/div>\n\n","protected":false},"excerpt":{"rendered":"<p>La Empresa Social del Estado IMSALUD,\u00a0llev\u00f3 a cabo con los usuarios de MEDIMAS EPS en la Ips Ni\u00f1a Ceci, la Brigada de Salud en los programas de Promoci\u00f3n y Prevenci\u00f3n, [&#8230;]\n","protected":false},"author":19,"featured_media":17908,"comment_status":"open","ping_status":"open","sticky":false,"template":"","format":"standard","meta":{"footnotes":""},"categories":[409,378],"tags":[],"class_list":["post-17900","post","type-post","status-publish","format-standard","has-post-thumbnail","hentry","category-promocion-y-prevencion","category-pyp"],"_links":{"self":[{"href":"https:\/\/www.imsalud.gov.co\/web\/wp-json\/wp\/v2\/posts\/17900","targetHints":{"allow":["GET"]}}],"collection":[{"href":"https:\/\/www.imsalud.gov.co\/web\/wp-json\/wp\/v2\/posts"}],"about":[{"href":"https:\/\/www.imsalud.gov.co\/web\/wp-json\/wp\/v2\/types\/post"}],"author":[{"embeddable":true,"href":"https:\/\/www.imsalud.gov.co\/web\/wp-json\/wp\/v2\/users\/19"}],"replies":[{"embeddable":true,"href":"https:\/\/www.imsalud.gov.co\/web\/wp-json\/wp\/v2\/comments?post=17900"}],"version-history":[{"count":5,"href":"https:\/\/www.imsalud.gov.co\/web\/wp-json\/wp\/v2\/posts\/17900\/revisions"}],"predecessor-version":[{"id":17913,"href":"https:\/\/www.imsalud.gov.co\/web\/wp-json\/wp\/v2\/posts\/17900\/revisions\/17913"}],"wp:featuredmedia":[{"embeddable":true,"href":"https:\/\/www.imsalud.gov.co\/web\/wp-json\/wp\/v2\/media\/17908"}],"wp:attachment":[{"href":"https:\/\/www.imsalud.gov.co\/web\/wp-json\/wp\/v2\/media?parent=17900"}],"wp:term":[{"taxonomy":"category","embeddable":true,"href":"https:\/\/www.imsalud.gov.co\/web\/wp-json\/wp\/v2\/categories?post=17900"},{"taxonomy":"post_tag","embeddable":true,"href":"https:\/\/www.imsalud.gov.co\/web\/wp-json\/wp\/v2\/tags?post=17900"}],"curies":[{"name":"wp","href":"https:\/\/api.w.org\/{rel}","templated":true}]}}