{"id":15438,"date":"2018-07-09T10:56:11","date_gmt":"2018-07-09T15:56:11","guid":{"rendered":"http:\/\/www.imsalud.gov.co\/web\/?p=15438"},"modified":"2018-07-11T19:40:33","modified_gmt":"2018-07-12T00:40:33","slug":"examenes-medicos-ocupacionales-2018","status":"publish","type":"post","link":"https:\/\/www.imsalud.gov.co\/web\/sala-de-prensa\/ultimas-noticias\/examenes-medicos-ocupacionales-2018\/","title":{"rendered":"Ex\u00e1menes m\u00e9dicos ocupacionales 2018"},"content":{"rendered":"<p>Agenda ex\u00e1menes m\u00e9dicos ocupacionales peri\u00f3dicos 2018<\/p>\n<div class=\"_df_book df-container df-loading \" id=\"df_15441\"  wpoptions=\"true\" ><\/div><script data-cfasync=\"false\">var option_df_15441 = {\"outline\":[],\"forceFit\":\"true\",\"autoEnableOutline\":\"false\",\"autoEnableThumbnail\":\"false\",\"overwritePDFOutline\":\"false\",\"direction\":\"1\",\"pageMode\":\"0\",\"source\":\"http:\\\/\\\/www.imsalud.gov.co\\\/web\\\/wp-content\\\/uploads\\\/2018\\\/07\\\/AGENDA-MEDICA-2018-pdf.pdf\",\"wpOptions\":\"true\"}; if(window.DFLIP && DFLIP.parseBooks){DFLIP.parseBooks();}<\/script>\n","protected":false},"excerpt":{"rendered":"<p>Agenda ex\u00e1menes m\u00e9dicos ocupacionales peri\u00f3dicos 2018<\/p>\n","protected":false},"author":19,"featured_media":15447,"comment_status":"open","ping_status":"open","sticky":false,"template":"","format":"standard","meta":{"footnotes":""},"categories":[401,74],"tags":[],"class_list":["post-15438","post","type-post","status-publish","format-standard","has-post-thumbnail","hentry","category-laboral","category-ultimas-noticias"],"_links":{"self":[{"href":"https:\/\/www.imsalud.gov.co\/web\/wp-json\/wp\/v2\/posts\/15438","targetHints":{"allow":["GET"]}}],"collection":[{"href":"https:\/\/www.imsalud.gov.co\/web\/wp-json\/wp\/v2\/posts"}],"about":[{"href":"https:\/\/www.imsalud.gov.co\/web\/wp-json\/wp\/v2\/types\/post"}],"author":[{"embeddable":true,"href":"https:\/\/www.imsalud.gov.co\/web\/wp-json\/wp\/v2\/users\/19"}],"replies":[{"embeddable":true,"href":"https:\/\/www.imsalud.gov.co\/web\/wp-json\/wp\/v2\/comments?post=15438"}],"version-history":[{"count":3,"href":"https:\/\/www.imsalud.gov.co\/web\/wp-json\/wp\/v2\/posts\/15438\/revisions"}],"predecessor-version":[{"id":15448,"href":"https:\/\/www.imsalud.gov.co\/web\/wp-json\/wp\/v2\/posts\/15438\/revisions\/15448"}],"wp:featuredmedia":[{"embeddable":true,"href":"https:\/\/www.imsalud.gov.co\/web\/wp-json\/wp\/v2\/media\/15447"}],"wp:attachment":[{"href":"https:\/\/www.imsalud.gov.co\/web\/wp-json\/wp\/v2\/media?parent=15438"}],"wp:term":[{"taxonomy":"category","embeddable":true,"href":"https:\/\/www.imsalud.gov.co\/web\/wp-json\/wp\/v2\/categories?post=15438"},{"taxonomy":"post_tag","embeddable":true,"href":"https:\/\/www.imsalud.gov.co\/web\/wp-json\/wp\/v2\/tags?post=15438"}],"curies":[{"name":"wp","href":"https:\/\/api.w.org\/{rel}","templated":true}]}}