{"id":15428,"date":"2018-07-09T09:00:31","date_gmt":"2018-07-09T14:00:31","guid":{"rendered":"http:\/\/www.imsalud.gov.co\/web\/?p=15428"},"modified":"2018-07-09T09:02:29","modified_gmt":"2018-07-09T14:02:29","slug":"celebracion-dia-del-servidor-publico","status":"publish","type":"post","link":"https:\/\/www.imsalud.gov.co\/web\/sala-de-prensa\/ultimas-noticias\/celebracion-dia-del-servidor-publico\/","title":{"rendered":"Celebraci\u00f3n d\u00eda del SERVIDOR P\u00daBLICO"},"content":{"rendered":"<p>El pasado 5 de Julio\u00a0 celebramos con gran alegr\u00eda el D\u00eda del <strong>SERVIDOR P\u00daBLICO 2018\u00a0\u00a0<\/strong>en villa silvania con nuestro gran grupo de trabajo, <strong>GRACIAS<\/strong> por pertenecer a nuestra familia.<\/p>\n<p>Realizamos taller cultural organizado por el comit\u00e9 de bienestar social, donde se desarrollaron las siguientes actividades.<\/p>\n<p>\u2022 Actividades l\u00fadicas \u201cimplementaci\u00f3n de las estrategias del Gobierno Digital\u201d<br \/>\n\u2022 Socializaci\u00f3n de la resoluci\u00f3n 204 de 4 de mayo de 2018, \u201cpor lo cual se adopta los incentivos pecuniarios y no pecuniarios en la Empresa Social del Estado para la vigencia 2018.<br \/>\n\u2022 Reconocimiento a los mejores empleados de carrera administrativa vigencia 2017.<\/p>\n<div id='gallery-1' class='gallery galleryid-15428 gallery-columns-3 gallery-size-thumbnail'><figure class='gallery-item'>\n\t\t\t<div class='gallery-icon landscape'>\n\t\t\t\t<a href='https:\/\/www.imsalud.gov.co\/web\/sala-de-prensa\/ultimas-noticias\/celebracion-dia-del-servidor-publico\/attachment\/whatsapp-image-2018-07-05-at-4-21-35-pm\/#main'><img loading=\"lazy\" decoding=\"async\" width=\"150\" height=\"150\" src=\"https:\/\/www.imsalud.gov.co\/web\/wp-content\/uploads\/2018\/07\/WhatsApp-Image-2018-07-05-at-4.21.35-PM-280x280.jpeg\" class=\"attachment-thumbnail size-thumbnail\" alt=\"\" \/><\/a>\n\t\t\t<\/div><\/figure><figure class='gallery-item'>\n\t\t\t<div class='gallery-icon landscape'>\n\t\t\t\t<a href='https:\/\/www.imsalud.gov.co\/web\/sala-de-prensa\/ultimas-noticias\/celebracion-dia-del-servidor-publico\/attachment\/whatsapp-image-2018-07-05-at-4-21-44-pm\/#main'><img loading=\"lazy\" decoding=\"async\" width=\"150\" height=\"150\" src=\"https:\/\/www.imsalud.gov.co\/web\/wp-content\/uploads\/2018\/07\/WhatsApp-Image-2018-07-05-at-4.21.44-PM-280x280.jpeg\" class=\"attachment-thumbnail size-thumbnail\" alt=\"\" \/><\/a>\n\t\t\t<\/div><\/figure><figure class='gallery-item'>\n\t\t\t<div class='gallery-icon landscape'>\n\t\t\t\t<a href='https:\/\/www.imsalud.gov.co\/web\/sala-de-prensa\/ultimas-noticias\/celebracion-dia-del-servidor-publico\/attachment\/whatsapp-image-2018-07-05-at-4-21-48-pm\/#main'><img loading=\"lazy\" decoding=\"async\" width=\"150\" height=\"150\" src=\"https:\/\/www.imsalud.gov.co\/web\/wp-content\/uploads\/2018\/07\/WhatsApp-Image-2018-07-05-at-4.21.48-PM-280x280.jpeg\" class=\"attachment-thumbnail size-thumbnail\" alt=\"\" \/><\/a>\n\t\t\t<\/div><\/figure><figure class='gallery-item'>\n\t\t\t<div class='gallery-icon landscape'>\n\t\t\t\t<a href='https:\/\/www.imsalud.gov.co\/web\/sala-de-prensa\/ultimas-noticias\/celebracion-dia-del-servidor-publico\/attachment\/whatsapp-image-2018-07-06-at-8-36-24-am\/#main'><img loading=\"lazy\" decoding=\"async\" width=\"150\" height=\"150\" src=\"https:\/\/www.imsalud.gov.co\/web\/wp-content\/uploads\/2018\/07\/WhatsApp-Image-2018-07-06-at-8.36.24-AM-280x280.jpeg\" class=\"attachment-thumbnail size-thumbnail\" alt=\"\" \/><\/a>\n\t\t\t<\/div><\/figure><figure class='gallery-item'>\n\t\t\t<div class='gallery-icon landscape'>\n\t\t\t\t<a href='https:\/\/www.imsalud.gov.co\/web\/sala-de-prensa\/ultimas-noticias\/celebracion-dia-del-servidor-publico\/attachment\/whatsapp-image-2018-07-06-at-8-37-39-am\/#main'><img loading=\"lazy\" decoding=\"async\" width=\"150\" height=\"150\" src=\"https:\/\/www.imsalud.gov.co\/web\/wp-content\/uploads\/2018\/07\/WhatsApp-Image-2018-07-06-at-8.37.39-AM-280x280.jpeg\" class=\"attachment-thumbnail size-thumbnail\" alt=\"\" \/><\/a>\n\t\t\t<\/div><\/figure><figure class='gallery-item'>\n\t\t\t<div class='gallery-icon landscape'>\n\t\t\t\t<a href='https:\/\/www.imsalud.gov.co\/web\/sala-de-prensa\/ultimas-noticias\/celebracion-dia-del-servidor-publico\/attachment\/whatsapp-image-2018-07-06-at-8-38-06-am\/#main'><img loading=\"lazy\" decoding=\"async\" width=\"150\" height=\"150\" src=\"https:\/\/www.imsalud.gov.co\/web\/wp-content\/uploads\/2018\/07\/WhatsApp-Image-2018-07-06-at-8.38.06-AM-280x280.jpeg\" class=\"attachment-thumbnail size-thumbnail\" alt=\"\" \/><\/a>\n\t\t\t<\/div><\/figure>\n\t\t<\/div>\n\n","protected":false},"excerpt":{"rendered":"<p>El pasado 5 de Julio\u00a0 celebramos con gran alegr\u00eda el D\u00eda del SERVIDOR P\u00daBLICO 2018\u00a0\u00a0en villa silvania con nuestro gran grupo de trabajo, GRACIAS por pertenecer a nuestra familia. Realizamos [&#8230;]\n","protected":false},"author":19,"featured_media":15429,"comment_status":"open","ping_status":"open","sticky":false,"template":"","format":"standard","meta":{"footnotes":""},"categories":[74],"tags":[],"class_list":["post-15428","post","type-post","status-publish","format-standard","has-post-thumbnail","hentry","category-ultimas-noticias"],"_links":{"self":[{"href":"https:\/\/www.imsalud.gov.co\/web\/wp-json\/wp\/v2\/posts\/15428","targetHints":{"allow":["GET"]}}],"collection":[{"href":"https:\/\/www.imsalud.gov.co\/web\/wp-json\/wp\/v2\/posts"}],"about":[{"href":"https:\/\/www.imsalud.gov.co\/web\/wp-json\/wp\/v2\/types\/post"}],"author":[{"embeddable":true,"href":"https:\/\/www.imsalud.gov.co\/web\/wp-json\/wp\/v2\/users\/19"}],"replies":[{"embeddable":true,"href":"https:\/\/www.imsalud.gov.co\/web\/wp-json\/wp\/v2\/comments?post=15428"}],"version-history":[{"count":3,"href":"https:\/\/www.imsalud.gov.co\/web\/wp-json\/wp\/v2\/posts\/15428\/revisions"}],"predecessor-version":[{"id":17397,"href":"https:\/\/www.imsalud.gov.co\/web\/wp-json\/wp\/v2\/posts\/15428\/revisions\/17397"}],"wp:featuredmedia":[{"embeddable":true,"href":"https:\/\/www.imsalud.gov.co\/web\/wp-json\/wp\/v2\/media\/15429"}],"wp:attachment":[{"href":"https:\/\/www.imsalud.gov.co\/web\/wp-json\/wp\/v2\/media?parent=15428"}],"wp:term":[{"taxonomy":"category","embeddable":true,"href":"https:\/\/www.imsalud.gov.co\/web\/wp-json\/wp\/v2\/categories?post=15428"},{"taxonomy":"post_tag","embeddable":true,"href":"https:\/\/www.imsalud.gov.co\/web\/wp-json\/wp\/v2\/tags?post=15428"}],"curies":[{"name":"wp","href":"https:\/\/api.w.org\/{rel}","templated":true}]}}