{"id":15419,"date":"2018-07-04T20:29:07","date_gmt":"2018-07-05T01:29:07","guid":{"rendered":"http:\/\/www.imsalud.gov.co\/web\/?p=15419"},"modified":"2018-07-04T20:29:07","modified_gmt":"2018-07-05T01:29:07","slug":"resolucion-313-dia-del-servidor-publico","status":"publish","type":"post","link":"https:\/\/www.imsalud.gov.co\/web\/sala-de-prensa\/ultimas-noticias\/resolucion-313-dia-del-servidor-publico\/","title":{"rendered":"Resoluci\u00f3n 313 D\u00cdA DEL SERVIDOR P\u00daBLICO"},"content":{"rendered":"<p><a href=\"http:\/\/www.imsalud.gov.co\/web\/wp-content\/uploads\/2018\/07\/RESOLUCION-313-04072013-DIA-DEL-SERV.-PUBLICO-pdf.pdf\">RESOLUCION 313 04072013 DIA DEL SERV. PUBLICO pdf<\/a><\/p>\n","protected":false},"excerpt":{"rendered":"<p>RESOLUCION 313 04072013 DIA DEL SERV. PUBLICO pdf<\/p>\n","protected":false},"author":19,"featured_media":0,"comment_status":"open","ping_status":"open","sticky":false,"template":"","format":"standard","meta":{"footnotes":""},"categories":[74],"tags":[],"class_list":["post-15419","post","type-post","status-publish","format-standard","hentry","category-ultimas-noticias"],"_links":{"self":[{"href":"https:\/\/www.imsalud.gov.co\/web\/wp-json\/wp\/v2\/posts\/15419","targetHints":{"allow":["GET"]}}],"collection":[{"href":"https:\/\/www.imsalud.gov.co\/web\/wp-json\/wp\/v2\/posts"}],"about":[{"href":"https:\/\/www.imsalud.gov.co\/web\/wp-json\/wp\/v2\/types\/post"}],"author":[{"embeddable":true,"href":"https:\/\/www.imsalud.gov.co\/web\/wp-json\/wp\/v2\/users\/19"}],"replies":[{"embeddable":true,"href":"https:\/\/www.imsalud.gov.co\/web\/wp-json\/wp\/v2\/comments?post=15419"}],"version-history":[{"count":2,"href":"https:\/\/www.imsalud.gov.co\/web\/wp-json\/wp\/v2\/posts\/15419\/revisions"}],"predecessor-version":[{"id":17396,"href":"https:\/\/www.imsalud.gov.co\/web\/wp-json\/wp\/v2\/posts\/15419\/revisions\/17396"}],"wp:attachment":[{"href":"https:\/\/www.imsalud.gov.co\/web\/wp-json\/wp\/v2\/media?parent=15419"}],"wp:term":[{"taxonomy":"category","embeddable":true,"href":"https:\/\/www.imsalud.gov.co\/web\/wp-json\/wp\/v2\/categories?post=15419"},{"taxonomy":"post_tag","embeddable":true,"href":"https:\/\/www.imsalud.gov.co\/web\/wp-json\/wp\/v2\/tags?post=15419"}],"curies":[{"name":"wp","href":"https:\/\/api.w.org\/{rel}","templated":true}]}}