{"id":116709,"date":"2026-09-01T11:34:36","date_gmt":"2026-09-01T16:34:36","guid":{"rendered":"https:\/\/www.imsalud.gov.co\/web\/?p=116709"},"modified":"2026-09-01T11:34:37","modified_gmt":"2026-09-01T16:34:37","slug":"unidad-materno-infantil-la-libertad-cuidado-que-comienza-desde-el-primer-dia","status":"publish","type":"post","link":"https:\/\/www.imsalud.gov.co\/web\/sala-de-prensa\/ultimas-noticias\/unidad-materno-infantil-la-libertad-cuidado-que-comienza-desde-el-primer-dia\/","title":{"rendered":"Unidad Materno Infantil La Libertad: cuidado que comienza desde el primer d\u00eda"},"content":{"rendered":"\n<p class=\"wp-block-paragraph\">La Unidad Materno Infantil La Libertad es un escenario de atenci\u00f3n en salud pensado para acompa\u00f1ar a las madres, los reci\u00e9n nacidos, los ni\u00f1os y sus familias, brindando servicios que responden de manera integral a sus necesidades de salud.<\/p>\n\n\n\n<p class=\"wp-block-paragraph\">Durante los primeros cinco meses del a\u00f1o, la unidad registr\u00f3 16.148 consultas de urgencias, 18.243 de medicina general, 6.283 de odontolog\u00eda, 4.353 de enfermer\u00eda, 906 de pediatr\u00eda, 779 de ginecolog\u00eda y obstetricia. Pero detr\u00e1s de cada cifra hay una historia: una madre acompa\u00f1ada durante su proceso de gestaci\u00f3n, un beb\u00e9 que lleg\u00f3 al mundo bajo cuidado profesional, un ni\u00f1o que recibi\u00f3 atenci\u00f3n oportuna y una familia que encontr\u00f3 orientaci\u00f3n y respuesta.<\/p>\n\n\n\n<p class=\"wp-block-paragraph\">Uno de los principales atributos de la Unidad Materno Infantil La Libertad es su certificaci\u00f3n IAMII \u2014Instituciones Amigas de la Mujer y la Infancia\u2014, un reconocimiento que reafirma el compromiso institucional con una atenci\u00f3n integral, humanizada y de calidad para las mujeres, los ni\u00f1os y sus familias.<\/p>\n\n\n\n<p class=\"wp-block-paragraph\">La Unidad Materno Infantil cuenta con una amplia oferta de servicios que incluye consulta externa y urgencias, enfermer\u00eda, hospitalizaci\u00f3n para adultos y ni\u00f1os, medicina general, ginecoobstetricia, pediatr\u00eda, odontolog\u00eda, vacunaci\u00f3n, laboratorio cl\u00ednico, im\u00e1genes diagn\u00f3sticas, sala de parto humanizado y transporte asistencial b\u00e1sico.<\/p>\n\n\n\n<p class=\"wp-block-paragraph\">La&nbsp;sala de parto humanizado representa un espacio pensado para acompa\u00f1ar a las gestantes durante uno de los momentos m\u00e1s importantes de sus vidas, promoviendo una atenci\u00f3n respetuosa, c\u00e1lida, segura y centrada en las necesidades de cada madre y su beb\u00e9. Durante los primeros seis meses de 2026, la Unidad Materno Infantil ha acompa\u00f1ado el nacimiento de 125 beb\u00e9s, reafirmando su compromiso con una atenci\u00f3n humanizada y de calidad.<\/p>\n\n\n\n<p class=\"wp-block-paragraph\">Este trabajo es liderado por la Dra. Anyella Marcela Quintero Lemus, coordinadora de la Unidad, quien, junto a un equipo comprometido, fortalece cada d\u00eda una atenci\u00f3n centrada en las personas y sus necesidades. Su labor se desarrolla en articulaci\u00f3n con las estrategias institucionales impulsadas bajo la direcci\u00f3n del gerente de ESE Imsalud, Dr. Javier Orlando Prieto Pe\u00f1a, orientadas a acercar servicios de salud seguros, oportunos, humanizados y de calidad a la comunidad.<\/p>\n\n\n\n<p class=\"wp-block-paragraph\">Porque ser una Unidad Materno Infantil no significa solamente atender a una madre o a un ni\u00f1o. Significa acompa\u00f1ar el comienzo de una vida, cuidar a quien la acompa\u00f1a y construir, desde el primer momento, un futuro m\u00e1s saludable.<\/p>\n\n\n\n<figure class=\"wp-block-image size-large\"><img loading=\"lazy\" decoding=\"async\" width=\"1024\" height=\"575\" src=\"https:\/\/www.imsalud.gov.co\/web\/wp-content\/uploads\/2026\/09\/688ae83f-6fab-4f0c-90ea-183abd41d154-1024x575.jpeg\" alt=\"\" class=\"wp-image-116710\" srcset=\"https:\/\/www.imsalud.gov.co\/web\/wp-content\/uploads\/2026\/09\/688ae83f-6fab-4f0c-90ea-183abd41d154-1024x575.jpeg 1024w, https:\/\/www.imsalud.gov.co\/web\/wp-content\/uploads\/2026\/09\/688ae83f-6fab-4f0c-90ea-183abd41d154-300x168.jpeg 300w, https:\/\/www.imsalud.gov.co\/web\/wp-content\/uploads\/2026\/09\/688ae83f-6fab-4f0c-90ea-183abd41d154-768x431.jpeg 768w, https:\/\/www.imsalud.gov.co\/web\/wp-content\/uploads\/2026\/09\/688ae83f-6fab-4f0c-90ea-183abd41d154-1536x862.jpeg 1536w, https:\/\/www.imsalud.gov.co\/web\/wp-content\/uploads\/2026\/09\/688ae83f-6fab-4f0c-90ea-183abd41d154.jpeg 1600w\" sizes=\"auto, (max-width: 1024px) 100vw, 1024px\" \/><\/figure>\n","protected":false},"excerpt":{"rendered":"<p>La Unidad Materno Infantil La Libertad es un escenario de atenci\u00f3n en salud pensado para acompa\u00f1ar a las madres, los reci\u00e9n nacidos, los ni\u00f1os y sus familias, brindando servicios que [&#8230;]\n","protected":false},"author":34,"featured_media":116711,"comment_status":"closed","ping_status":"closed","sticky":false,"template":"","format":"standard","meta":{"footnotes":""},"categories":[698,515,74],"tags":[],"class_list":["post-116709","post","type-post","status-publish","format-standard","has-post-thumbnail","hentry","category-mujeres","category-ninos","category-ultimas-noticias"],"_links":{"self":[{"href":"https:\/\/www.imsalud.gov.co\/web\/wp-json\/wp\/v2\/posts\/116709","targetHints":{"allow":["GET"]}}],"collection":[{"href":"https:\/\/www.imsalud.gov.co\/web\/wp-json\/wp\/v2\/posts"}],"about":[{"href":"https:\/\/www.imsalud.gov.co\/web\/wp-json\/wp\/v2\/types\/post"}],"author":[{"embeddable":true,"href":"https:\/\/www.imsalud.gov.co\/web\/wp-json\/wp\/v2\/users\/34"}],"replies":[{"embeddable":true,"href":"https:\/\/www.imsalud.gov.co\/web\/wp-json\/wp\/v2\/comments?post=116709"}],"version-history":[{"count":1,"href":"https:\/\/www.imsalud.gov.co\/web\/wp-json\/wp\/v2\/posts\/116709\/revisions"}],"predecessor-version":[{"id":116712,"href":"https:\/\/www.imsalud.gov.co\/web\/wp-json\/wp\/v2\/posts\/116709\/revisions\/116712"}],"wp:featuredmedia":[{"embeddable":true,"href":"https:\/\/www.imsalud.gov.co\/web\/wp-json\/wp\/v2\/media\/116711"}],"wp:attachment":[{"href":"https:\/\/www.imsalud.gov.co\/web\/wp-json\/wp\/v2\/media?parent=116709"}],"wp:term":[{"taxonomy":"category","embeddable":true,"href":"https:\/\/www.imsalud.gov.co\/web\/wp-json\/wp\/v2\/categories?post=116709"},{"taxonomy":"post_tag","embeddable":true,"href":"https:\/\/www.imsalud.gov.co\/web\/wp-json\/wp\/v2\/tags?post=116709"}],"curies":[{"name":"wp","href":"https:\/\/api.w.org\/{rel}","templated":true}]}}