{"id":115885,"date":"2026-04-30T12:20:15","date_gmt":"2026-04-30T17:20:15","guid":{"rendered":"https:\/\/www.imsalud.gov.co\/web\/?p=115885"},"modified":"2026-04-30T12:20:16","modified_gmt":"2026-04-30T17:20:16","slug":"imsalud-y-lideres-de-jac-articulan-acciones-para-una-atencion-en-salud-mas-cercana-y-oportuna","status":"publish","type":"post","link":"https:\/\/www.imsalud.gov.co\/web\/sala-de-prensa\/ultimas-noticias\/imsalud-y-lideres-de-jac-articulan-acciones-para-una-atencion-en-salud-mas-cercana-y-oportuna\/","title":{"rendered":"Imsalud y l\u00edderes de JAC articulan acciones para una atenci\u00f3n en salud m\u00e1s cercana y oportuna"},"content":{"rendered":"\n\n\n<p>En el marco de la implementaci\u00f3n de la estrategia de Equipos B\u00e1sicos de Salud (EBS), liderada por el Ministerio de Salud y Protecci\u00f3n Social, la ESE Imsalud desarroll\u00f3 un espacio de concertaci\u00f3n con los presidentes de las Juntas de Acci\u00f3n Comunal de las comunas 6, 7 y 8 del municipio.<\/p>\n\n\n\n<p>Este encuentro marca un paso clave en el inicio de operaciones de los EBS en estos territorios, fortaleciendo el di\u00e1logo directo con las comunidades y permitiendo la identificaci\u00f3n de necesidades prioritarias en salud. A trav\u00e9s de este ejercicio participativo, se lograron articular acciones orientadas a garantizar una atenci\u00f3n integral, cercana y oportuna, alineada con el enfoque territorial promovido por el Gobierno Nacional.<\/p>\n\n\n\n<p>Desde la gerencia de Imsalud se reafirma el compromiso con la participaci\u00f3n social como eje fundamental para la transformaci\u00f3n del sistema de salud, consolidando alianzas con l\u00edderes comunitarios que permiten llevar los servicios de salud hasta los territorios, con enfoque humano y resolutivo.<\/p>\n\n\n\n<p>Este acercamiento con los presidentes de las JAC ratifica el prop\u00f3sito institucional de construir, de la mano con la comunidad, territorios m\u00e1s saludables y con mayor bienestar.<\/p>\n\n\n\n<figure class=\"wp-block-image size-large\"><img loading=\"lazy\" decoding=\"async\" width=\"1024\" height=\"576\" src=\"https:\/\/www.imsalud.gov.co\/web\/wp-content\/uploads\/2026\/04\/d49f3c67-c7ed-4583-b5c8-0813e22d8ca6-1024x576.jpeg\" alt=\"\" class=\"wp-image-115886\" srcset=\"https:\/\/www.imsalud.gov.co\/web\/wp-content\/uploads\/2026\/04\/d49f3c67-c7ed-4583-b5c8-0813e22d8ca6-1024x576.jpeg 1024w, https:\/\/www.imsalud.gov.co\/web\/wp-content\/uploads\/2026\/04\/d49f3c67-c7ed-4583-b5c8-0813e22d8ca6-300x169.jpeg 300w, https:\/\/www.imsalud.gov.co\/web\/wp-content\/uploads\/2026\/04\/d49f3c67-c7ed-4583-b5c8-0813e22d8ca6-768x432.jpeg 768w, https:\/\/www.imsalud.gov.co\/web\/wp-content\/uploads\/2026\/04\/d49f3c67-c7ed-4583-b5c8-0813e22d8ca6-1536x864.jpeg 1536w, https:\/\/www.imsalud.gov.co\/web\/wp-content\/uploads\/2026\/04\/d49f3c67-c7ed-4583-b5c8-0813e22d8ca6.jpeg 1600w\" sizes=\"auto, (max-width: 1024px) 100vw, 1024px\" \/><\/figure>\n","protected":false},"excerpt":{"rendered":"<p>En el marco de la implementaci\u00f3n de la estrategia de Equipos B\u00e1sicos de Salud (EBS), liderada por el Ministerio de Salud y Protecci\u00f3n Social, la ESE Imsalud desarroll\u00f3 un espacio [&#8230;]\n","protected":false},"author":34,"featured_media":115887,"comment_status":"closed","ping_status":"closed","sticky":false,"template":"","format":"standard","meta":{"footnotes":""},"categories":[698,515,74],"tags":[],"class_list":["post-115885","post","type-post","status-publish","format-standard","has-post-thumbnail","hentry","category-mujeres","category-ninos","category-ultimas-noticias"],"_links":{"self":[{"href":"https:\/\/www.imsalud.gov.co\/web\/wp-json\/wp\/v2\/posts\/115885","targetHints":{"allow":["GET"]}}],"collection":[{"href":"https:\/\/www.imsalud.gov.co\/web\/wp-json\/wp\/v2\/posts"}],"about":[{"href":"https:\/\/www.imsalud.gov.co\/web\/wp-json\/wp\/v2\/types\/post"}],"author":[{"embeddable":true,"href":"https:\/\/www.imsalud.gov.co\/web\/wp-json\/wp\/v2\/users\/34"}],"replies":[{"embeddable":true,"href":"https:\/\/www.imsalud.gov.co\/web\/wp-json\/wp\/v2\/comments?post=115885"}],"version-history":[{"count":1,"href":"https:\/\/www.imsalud.gov.co\/web\/wp-json\/wp\/v2\/posts\/115885\/revisions"}],"predecessor-version":[{"id":115888,"href":"https:\/\/www.imsalud.gov.co\/web\/wp-json\/wp\/v2\/posts\/115885\/revisions\/115888"}],"wp:featuredmedia":[{"embeddable":true,"href":"https:\/\/www.imsalud.gov.co\/web\/wp-json\/wp\/v2\/media\/115887"}],"wp:attachment":[{"href":"https:\/\/www.imsalud.gov.co\/web\/wp-json\/wp\/v2\/media?parent=115885"}],"wp:term":[{"taxonomy":"category","embeddable":true,"href":"https:\/\/www.imsalud.gov.co\/web\/wp-json\/wp\/v2\/categories?post=115885"},{"taxonomy":"post_tag","embeddable":true,"href":"https:\/\/www.imsalud.gov.co\/web\/wp-json\/wp\/v2\/tags?post=115885"}],"curies":[{"name":"wp","href":"https:\/\/api.w.org\/{rel}","templated":true}]}}