{"id":115561,"date":"2026-03-13T14:29:42","date_gmt":"2026-03-13T19:29:42","guid":{"rendered":"https:\/\/www.imsalud.gov.co\/web\/?p=115561"},"modified":"2026-03-13T17:34:59","modified_gmt":"2026-03-13T22:34:59","slug":"imsalud-y-secretaria-de-salud-fortalecen-la-inclusion-con-jornada-de-atencion-para-poblacion-con-discapacidad-en-el-colegio-tecnico-guaimaral","status":"publish","type":"post","link":"https:\/\/www.imsalud.gov.co\/web\/sala-de-prensa\/ultimas-noticias\/imsalud-y-secretaria-de-salud-fortalecen-la-inclusion-con-jornada-de-atencion-para-poblacion-con-discapacidad-en-el-colegio-tecnico-guaimaral\/","title":{"rendered":"Imsalud y Secretar\u00eda de Salud fortalecen la inclusi\u00f3n con jornada de atenci\u00f3n para poblaci\u00f3n con discapacidad en el Colegio T\u00e9cnico Guaimaral"},"content":{"rendered":"\n\n\n<p>Con el prop\u00f3sito de seguir garantizando una atenci\u00f3n en salud incluyente y accesible para todos, la ESE Imsalud, en articulaci\u00f3n con la Secretar\u00eda de Salud Municipal, realiz\u00f3 una jornada de atenci\u00f3n en salud dirigida a la poblaci\u00f3n con discapacidad auditiva, cognitiva y visual, desarrollada en las instalaciones del Colegio T\u00e9cnico Guaimaral.<\/p>\n\n\n\n<p>Durante la actividad se brindaron servicios de consulta externa en medicina general, vacunaci\u00f3n y acciones de Promoci\u00f3n y Mantenimiento de la Salud, permitiendo acercar los servicios de salud a esta poblaci\u00f3n y fortalecer el acceso oportuno a la atenci\u00f3n.<\/p>\n\n\n\n<p>La jornada cont\u00f3 adem\u00e1s con el acompa\u00f1amiento del int\u00e9rprete de lengua de se\u00f1as de la ESE Imsalud, Jorge Fuentes, quien facilit\u00f3 la comunicaci\u00f3n entre el personal m\u00e9dico y las personas con discapacidad auditiva, garantizando una atenci\u00f3n clara, digna y humanizada.<\/p>\n\n\n\n<p>Adicionalmente, el equipo de salud brind\u00f3 orientaci\u00f3n y apoyo en la organizaci\u00f3n y cargue de documentos para la solicitud del certificado de discapacidad, un proceso fundamental que permite a las personas acceder a beneficios y programas establecidos dentro del sistema de salud.<\/p>\n\n\n\n<p>Estas acciones reflejan el compromiso de la ESE Imsalud por seguir trabajando por la inclusi\u00f3n, la equidad y el acceso a los servicios de salud, llevando atenci\u00f3n integral a las comunidades y promoviendo espacios donde la salud sea un derecho para todos.<\/p>\n\n\n\n<figure class=\"wp-block-image size-full\"><img loading=\"lazy\" decoding=\"async\" width=\"942\" height=\"707\" src=\"https:\/\/www.imsalud.gov.co\/web\/wp-content\/uploads\/2026\/03\/IMG_9393.jpeg\" alt=\"\" class=\"wp-image-115569\" srcset=\"https:\/\/www.imsalud.gov.co\/web\/wp-content\/uploads\/2026\/03\/IMG_9393.jpeg 942w, https:\/\/www.imsalud.gov.co\/web\/wp-content\/uploads\/2026\/03\/IMG_9393-300x225.jpeg 300w, https:\/\/www.imsalud.gov.co\/web\/wp-content\/uploads\/2026\/03\/IMG_9393-768x576.jpeg 768w\" sizes=\"auto, (max-width: 942px) 100vw, 942px\" \/><\/figure>\n","protected":false},"excerpt":{"rendered":"<p>Con el prop\u00f3sito de seguir garantizando una atenci\u00f3n en salud incluyente y accesible para todos, la ESE Imsalud, en articulaci\u00f3n con la Secretar\u00eda de Salud Municipal, realiz\u00f3 una jornada de [&#8230;]\n","protected":false},"author":34,"featured_media":115570,"comment_status":"closed","ping_status":"closed","sticky":false,"template":"","format":"standard","meta":{"footnotes":""},"categories":[698,515,74],"tags":[],"class_list":["post-115561","post","type-post","status-publish","format-standard","has-post-thumbnail","hentry","category-mujeres","category-ninos","category-ultimas-noticias"],"_links":{"self":[{"href":"https:\/\/www.imsalud.gov.co\/web\/wp-json\/wp\/v2\/posts\/115561","targetHints":{"allow":["GET"]}}],"collection":[{"href":"https:\/\/www.imsalud.gov.co\/web\/wp-json\/wp\/v2\/posts"}],"about":[{"href":"https:\/\/www.imsalud.gov.co\/web\/wp-json\/wp\/v2\/types\/post"}],"author":[{"embeddable":true,"href":"https:\/\/www.imsalud.gov.co\/web\/wp-json\/wp\/v2\/users\/34"}],"replies":[{"embeddable":true,"href":"https:\/\/www.imsalud.gov.co\/web\/wp-json\/wp\/v2\/comments?post=115561"}],"version-history":[{"count":3,"href":"https:\/\/www.imsalud.gov.co\/web\/wp-json\/wp\/v2\/posts\/115561\/revisions"}],"predecessor-version":[{"id":115572,"href":"https:\/\/www.imsalud.gov.co\/web\/wp-json\/wp\/v2\/posts\/115561\/revisions\/115572"}],"wp:featuredmedia":[{"embeddable":true,"href":"https:\/\/www.imsalud.gov.co\/web\/wp-json\/wp\/v2\/media\/115570"}],"wp:attachment":[{"href":"https:\/\/www.imsalud.gov.co\/web\/wp-json\/wp\/v2\/media?parent=115561"}],"wp:term":[{"taxonomy":"category","embeddable":true,"href":"https:\/\/www.imsalud.gov.co\/web\/wp-json\/wp\/v2\/categories?post=115561"},{"taxonomy":"post_tag","embeddable":true,"href":"https:\/\/www.imsalud.gov.co\/web\/wp-json\/wp\/v2\/tags?post=115561"}],"curies":[{"name":"wp","href":"https:\/\/api.w.org\/{rel}","templated":true}]}}