{"id":115513,"date":"2026-03-12T13:05:09","date_gmt":"2026-03-12T18:05:09","guid":{"rendered":"https:\/\/www.imsalud.gov.co\/web\/?p=115513"},"modified":"2026-03-12T13:05:11","modified_gmt":"2026-03-12T18:05:11","slug":"ese-imsalud-fortalece-la-proteccion-de-sus-colaboradores-con-jornada-de-vacunacion-institucional","status":"publish","type":"post","link":"https:\/\/www.imsalud.gov.co\/web\/sala-de-prensa\/ultimas-noticias\/ese-imsalud-fortalece-la-proteccion-de-sus-colaboradores-con-jornada-de-vacunacion-institucional\/","title":{"rendered":"ESE IMSALUD FORTALECE LA PROTECCI\u00d3N DE SUS COLABORADORES CON JORNADA DE VACUNACI\u00d3N INSTITUCIONAL"},"content":{"rendered":"\n\n\n<p>Con el prop\u00f3sito de continuar fortaleciendo las acciones de prevenci\u00f3n y cuidado del talento humano, la Oficina de Seguridad y Salud en el Trabajo de la ESE Imsalud llev\u00f3 a cabo una jornada de vacunaci\u00f3n dirigida a los colaboradores de la instituci\u00f3n.<\/p>\n\n\n\n<figure class=\"wp-block-image size-large\"><img loading=\"lazy\" decoding=\"async\" width=\"1024\" height=\"768\" src=\"https:\/\/www.imsalud.gov.co\/web\/wp-content\/uploads\/2026\/03\/5cbd8d5d-4367-4b15-9ccd-7abac5a97a92-1024x768.jpeg\" alt=\"\" class=\"wp-image-115515\" srcset=\"https:\/\/www.imsalud.gov.co\/web\/wp-content\/uploads\/2026\/03\/5cbd8d5d-4367-4b15-9ccd-7abac5a97a92-1024x768.jpeg 1024w, https:\/\/www.imsalud.gov.co\/web\/wp-content\/uploads\/2026\/03\/5cbd8d5d-4367-4b15-9ccd-7abac5a97a92-300x225.jpeg 300w, https:\/\/www.imsalud.gov.co\/web\/wp-content\/uploads\/2026\/03\/5cbd8d5d-4367-4b15-9ccd-7abac5a97a92-768x576.jpeg 768w, https:\/\/www.imsalud.gov.co\/web\/wp-content\/uploads\/2026\/03\/5cbd8d5d-4367-4b15-9ccd-7abac5a97a92-1536x1152.jpeg 1536w, https:\/\/www.imsalud.gov.co\/web\/wp-content\/uploads\/2026\/03\/5cbd8d5d-4367-4b15-9ccd-7abac5a97a92-2048x1536.jpeg 2048w\" sizes=\"auto, (max-width: 1024px) 100vw, 1024px\" \/><\/figure>\n\n\n\n<p>Durante esta actividad se aplicaron biol\u00f3gicos contra sarampi\u00f3n y fiebre amarilla al personal que no contaba con alguna de estas dosis dentro de su esquema de vacunaci\u00f3n, garantizando as\u00ed una mayor protecci\u00f3n frente a enfermedades prevenibles.<\/p>\n\n\n\n<p>Esta jornada cobra especial relevancia teniendo en cuenta que en Colombia se han reportado casos de sarampi\u00f3n, lo que refuerza la importancia de mantener esquemas de vacunaci\u00f3n completos, especialmente en el personal del sector salud, quienes cumplen un papel fundamental en la atenci\u00f3n y protecci\u00f3n de la comunidad.<\/p>\n\n\n\n<p>Desde la ESE Imsalud se contin\u00faa promoviendo una cultura de prevenci\u00f3n y autocuidado entre sus colaboradores, entendiendo que el bienestar del talento humano es clave para brindar una atenci\u00f3n segura, oportuna y de calidad a los usuarios del municipio de San Jos\u00e9 de C\u00facuta y su zona rural.<\/p>\n\n\n\n<p>Con estas acciones, la instituci\u00f3n reafirma su compromiso con la seguridad y la salud de su equipo de trabajo, fortaleciendo entornos laborales seguros y contribuyendo a la protecci\u00f3n de quienes d\u00eda a d\u00eda trabajan por el bienestar de la comunidad.<\/p>\n\n\n\n<figure class=\"wp-block-image size-large\"><img loading=\"lazy\" decoding=\"async\" width=\"1024\" height=\"768\" src=\"https:\/\/www.imsalud.gov.co\/web\/wp-content\/uploads\/2026\/03\/IMG_9337-1024x768.webp\" alt=\"\" class=\"wp-image-115514\" srcset=\"https:\/\/www.imsalud.gov.co\/web\/wp-content\/uploads\/2026\/03\/IMG_9337-1024x768.webp 1024w, https:\/\/www.imsalud.gov.co\/web\/wp-content\/uploads\/2026\/03\/IMG_9337-300x225.webp 300w, https:\/\/www.imsalud.gov.co\/web\/wp-content\/uploads\/2026\/03\/IMG_9337-768x576.webp 768w, https:\/\/www.imsalud.gov.co\/web\/wp-content\/uploads\/2026\/03\/IMG_9337-1536x1152.webp 1536w, https:\/\/www.imsalud.gov.co\/web\/wp-content\/uploads\/2026\/03\/IMG_9337-2048x1536.webp 2048w\" sizes=\"auto, (max-width: 1024px) 100vw, 1024px\" \/><\/figure>\n","protected":false},"excerpt":{"rendered":"<p>Con el prop\u00f3sito de continuar fortaleciendo las acciones de prevenci\u00f3n y cuidado del talento humano, la Oficina de Seguridad y Salud en el Trabajo de la ESE Imsalud llev\u00f3 a [&#8230;]\n","protected":false},"author":34,"featured_media":115516,"comment_status":"closed","ping_status":"closed","sticky":false,"template":"","format":"standard","meta":{"footnotes":""},"categories":[698,515,74],"tags":[],"class_list":["post-115513","post","type-post","status-publish","format-standard","has-post-thumbnail","hentry","category-mujeres","category-ninos","category-ultimas-noticias"],"_links":{"self":[{"href":"https:\/\/www.imsalud.gov.co\/web\/wp-json\/wp\/v2\/posts\/115513","targetHints":{"allow":["GET"]}}],"collection":[{"href":"https:\/\/www.imsalud.gov.co\/web\/wp-json\/wp\/v2\/posts"}],"about":[{"href":"https:\/\/www.imsalud.gov.co\/web\/wp-json\/wp\/v2\/types\/post"}],"author":[{"embeddable":true,"href":"https:\/\/www.imsalud.gov.co\/web\/wp-json\/wp\/v2\/users\/34"}],"replies":[{"embeddable":true,"href":"https:\/\/www.imsalud.gov.co\/web\/wp-json\/wp\/v2\/comments?post=115513"}],"version-history":[{"count":1,"href":"https:\/\/www.imsalud.gov.co\/web\/wp-json\/wp\/v2\/posts\/115513\/revisions"}],"predecessor-version":[{"id":115517,"href":"https:\/\/www.imsalud.gov.co\/web\/wp-json\/wp\/v2\/posts\/115513\/revisions\/115517"}],"wp:featuredmedia":[{"embeddable":true,"href":"https:\/\/www.imsalud.gov.co\/web\/wp-json\/wp\/v2\/media\/115516"}],"wp:attachment":[{"href":"https:\/\/www.imsalud.gov.co\/web\/wp-json\/wp\/v2\/media?parent=115513"}],"wp:term":[{"taxonomy":"category","embeddable":true,"href":"https:\/\/www.imsalud.gov.co\/web\/wp-json\/wp\/v2\/categories?post=115513"},{"taxonomy":"post_tag","embeddable":true,"href":"https:\/\/www.imsalud.gov.co\/web\/wp-json\/wp\/v2\/tags?post=115513"}],"curies":[{"name":"wp","href":"https:\/\/api.w.org\/{rel}","templated":true}]}}