{"id":115343,"date":"2026-03-02T08:41:37","date_gmt":"2026-03-02T13:41:37","guid":{"rendered":"https:\/\/www.imsalud.gov.co\/web\/?p=115343"},"modified":"2026-03-02T08:41:38","modified_gmt":"2026-03-02T13:41:38","slug":"imsalud-fortalece-su-compromiso-con-la-inclusion-a-traves-del-trabajo-articulado-con-la-poblacion-sorda","status":"publish","type":"post","link":"https:\/\/www.imsalud.gov.co\/web\/sala-de-prensa\/ultimas-noticias\/imsalud-fortalece-su-compromiso-con-la-inclusion-a-traves-del-trabajo-articulado-con-la-poblacion-sorda\/","title":{"rendered":"Imsalud fortalece su compromiso con la inclusi\u00f3n a trav\u00e9s del trabajo articulado con la poblaci\u00f3n sorda"},"content":{"rendered":"\n\n\n<p>La ESE Imsalud contin\u00faa consolid\u00e1ndose como una entidad referente en inclusi\u00f3n y humanizaci\u00f3n en salud, gracias al trabajo articulado con la Asociaci\u00f3n de Sordos de Norte de Santander (ASONORTE) espacio que permiti\u00f3 un di\u00e1logo directo y transformador con la comunidad sorda del departamento.<\/p>\n\n\n\n<p>Durante este importante encuentro, Imsalud tuvo la oportunidad de socializar el proyecto institucional que se viene adelantando desde la oficina de Prensa y Comunicaciones para mejorar los procesos de atenci\u00f3n y diagn\u00f3stico en la poblaci\u00f3n sorda, as\u00ed como para eliminar las barreras comunicativas a trav\u00e9s de diferentes estrategias inclusivas, reafirmando que el acceso a la salud debe ser claro, digno y sin exclusiones.<\/p>\n\n\n\n<p>Este espacio no solo permiti\u00f3 presentar el proyecto, sino tambi\u00e9n escuchar activamente a la poblaci\u00f3n sorda, conocer sus necesidades y realidades en distintos \u00e1mbitos como la educaci\u00f3n, la salud y la participaci\u00f3n gubernamental, adem\u00e1s de comprender c\u00f3mo perciben las atenciones desde el sector salud. Un ejercicio de escucha que fortalece la construcci\u00f3n de pol\u00edticas y acciones m\u00e1s humanas y efectivas.<\/p>\n\n\n\n<p>La jornada cont\u00f3 con la participaci\u00f3n de un polit\u00f3logo en formaci\u00f3n, quien viene desarrollando procesos de formaci\u00f3n ciudadana con la comunidad sorda, aportando a su empoderamiento y comprensi\u00f3n de los derechos y deberes en los diferentes escenarios sociales.<\/p>\n\n\n\n<p>En el encuentro estuvieron presentes el l\u00edder de la Oficina de Prensa y Comunicaciones, Ludwing Su\u00e1rez y el int\u00e9rprete institucional de Imsalud, Jorge Fuentes, quienes acompa\u00f1aron este espacio de construcci\u00f3n colectiva y di\u00e1logo incluyente.<\/p>\n\n\n\n<p>Desde la gerencia de la ESE Imsalud, liderada por el doctor Javier Orlando Prieto Pe\u00f1a, se reafirma el compromiso de seguir fortaleciendo una instituci\u00f3n que sea ejemplo de inclusi\u00f3n para todos los sectores, entendiendo que la poblaci\u00f3n sorda ha sido hist\u00f3ricamente una de las m\u00e1s olvidadas.<\/p>\n\n\n\n<p>Imsalud no solo promueve la inclusi\u00f3n desde el discurso, sino tambi\u00e9n desde la acci\u00f3n, contando actualmente con tres personas sordas vinculadas laboralmente, una persona con discapacidad cognitiva y una persona con movilidad reducida, demostrando que la inclusi\u00f3n tambi\u00e9n se construye desde el acceso al trabajo y la igualdad de oportunidades.<\/p>\n\n\n\n<p>Con este tipo de iniciativas, la ESE Imsalud ratifica su prop\u00f3sito de ser una entidad bandera en inclusi\u00f3n, no solo en el municipio de San Jos\u00e9 de C\u00facuta, sino en el departamento de Norte de Santander y, por qu\u00e9 no, en Colombia, trabajando por una salud m\u00e1s humana, accesible y verdaderamente incluyente.<\/p>\n\n\n\n<figure class=\"wp-block-image size-large\"><img loading=\"lazy\" decoding=\"async\" width=\"1024\" height=\"755\" src=\"https:\/\/www.imsalud.gov.co\/web\/wp-content\/uploads\/2026\/03\/IMG_9010-1024x755.webp\" alt=\"\" class=\"wp-image-115344\" srcset=\"https:\/\/www.imsalud.gov.co\/web\/wp-content\/uploads\/2026\/03\/IMG_9010-1024x755.webp 1024w, https:\/\/www.imsalud.gov.co\/web\/wp-content\/uploads\/2026\/03\/IMG_9010-300x221.webp 300w, https:\/\/www.imsalud.gov.co\/web\/wp-content\/uploads\/2026\/03\/IMG_9010-768x566.webp 768w, https:\/\/www.imsalud.gov.co\/web\/wp-content\/uploads\/2026\/03\/IMG_9010-1536x1132.webp 1536w, https:\/\/www.imsalud.gov.co\/web\/wp-content\/uploads\/2026\/03\/IMG_9010-2048x1510.webp 2048w\" sizes=\"auto, (max-width: 1024px) 100vw, 1024px\" \/><\/figure>\n","protected":false},"excerpt":{"rendered":"<p>La ESE Imsalud contin\u00faa consolid\u00e1ndose como una entidad referente en inclusi\u00f3n y humanizaci\u00f3n en salud, gracias al trabajo articulado con la Asociaci\u00f3n de Sordos de Norte de Santander (ASONORTE) espacio [&#8230;]\n","protected":false},"author":34,"featured_media":115345,"comment_status":"closed","ping_status":"closed","sticky":false,"template":"","format":"standard","meta":{"footnotes":""},"categories":[698,515,74],"tags":[],"class_list":["post-115343","post","type-post","status-publish","format-standard","has-post-thumbnail","hentry","category-mujeres","category-ninos","category-ultimas-noticias"],"_links":{"self":[{"href":"https:\/\/www.imsalud.gov.co\/web\/wp-json\/wp\/v2\/posts\/115343","targetHints":{"allow":["GET"]}}],"collection":[{"href":"https:\/\/www.imsalud.gov.co\/web\/wp-json\/wp\/v2\/posts"}],"about":[{"href":"https:\/\/www.imsalud.gov.co\/web\/wp-json\/wp\/v2\/types\/post"}],"author":[{"embeddable":true,"href":"https:\/\/www.imsalud.gov.co\/web\/wp-json\/wp\/v2\/users\/34"}],"replies":[{"embeddable":true,"href":"https:\/\/www.imsalud.gov.co\/web\/wp-json\/wp\/v2\/comments?post=115343"}],"version-history":[{"count":1,"href":"https:\/\/www.imsalud.gov.co\/web\/wp-json\/wp\/v2\/posts\/115343\/revisions"}],"predecessor-version":[{"id":115346,"href":"https:\/\/www.imsalud.gov.co\/web\/wp-json\/wp\/v2\/posts\/115343\/revisions\/115346"}],"wp:featuredmedia":[{"embeddable":true,"href":"https:\/\/www.imsalud.gov.co\/web\/wp-json\/wp\/v2\/media\/115345"}],"wp:attachment":[{"href":"https:\/\/www.imsalud.gov.co\/web\/wp-json\/wp\/v2\/media?parent=115343"}],"wp:term":[{"taxonomy":"category","embeddable":true,"href":"https:\/\/www.imsalud.gov.co\/web\/wp-json\/wp\/v2\/categories?post=115343"},{"taxonomy":"post_tag","embeddable":true,"href":"https:\/\/www.imsalud.gov.co\/web\/wp-json\/wp\/v2\/tags?post=115343"}],"curies":[{"name":"wp","href":"https:\/\/api.w.org\/{rel}","templated":true}]}}