{"id":115313,"date":"2026-02-26T16:59:13","date_gmt":"2026-02-26T21:59:13","guid":{"rendered":"https:\/\/www.imsalud.gov.co\/web\/?p=115313"},"modified":"2026-02-26T16:59:14","modified_gmt":"2026-02-26T21:59:14","slug":"imsalud-fortalece-su-compromiso-con-la-transparencia-e-inicia-aprestamiento-para-la-audiencia-publica-de-rendicion-de-cuentas-vigencia-2025","status":"publish","type":"post","link":"https:\/\/www.imsalud.gov.co\/web\/sala-de-prensa\/ultimas-noticias\/imsalud-fortalece-su-compromiso-con-la-transparencia-e-inicia-aprestamiento-para-la-audiencia-publica-de-rendicion-de-cuentas-vigencia-2025\/","title":{"rendered":"Imsalud fortalece su compromiso con la transparencia e inicia aprestamiento para la Audiencia P\u00fablica de Rendici\u00f3n de Cuentas vigencia 2025"},"content":{"rendered":"\n\n\n<p>La ESE Imsalud dio inicio al proceso de aprestamiento para la Audiencia P\u00fablica de Rendici\u00f3n de Cuentas vigencia 2025, un espacio fundamental para mostrar de manera clara y transparente el manejo de los recursos p\u00fablicos y los resultados de gesti\u00f3n alcanzados bajo el liderazgo del gerente, el Dr. Javier Orlando Prieto Pe\u00f1a.<\/p>\n\n\n\n<p>La jornada fue liderada por la asesora de Planeaci\u00f3n, Dra. Clara Cuadros Castillo, junto al profesional de apoyo Daniel Dur\u00e1n, quienes convocaron a los jefes de oficina con el fin de socializar el cronograma, la estrategia de rendici\u00f3n de cuentas y los lineamientos establecidos en el Modelo Integrado de Planeaci\u00f3n y Gesti\u00f3n (MIPG), marco que orienta la gesti\u00f3n p\u00fablica hacia la eficiencia, la participaci\u00f3n ciudadana y la mejora continua.<\/p>\n\n\n\n<p>Durante el encuentro se socializ\u00f3 el resultado del autodiagn\u00f3stico del MIPG, aplicado el 26 de enero de 2026, en el cual la entidad obtuvo una calificaci\u00f3n de 87,9. Este instrumento eval\u00faa componentes clave como: Aprestamiento institucional para promover la rendici\u00f3n de cuentas, dise\u00f1o de la estrategia de rendici\u00f3n de cuentas, reparaci\u00f3n para la rendici\u00f3n de cuentas, ejecuci\u00f3n de la rendici\u00f3n de cuentas, seguimiento y evaluaci\u00f3n de la implementaci\u00f3n de la estrategia de rendici\u00f3n de cuentas.<\/p>\n\n\n\n<p>Este resultado refleja el compromiso institucional con el fortalecimiento de los procesos internos y la consolidaci\u00f3n de una cultura organizacional basada en la transparencia y la responsabilidad p\u00fablica.<\/p>\n\n\n\n<p>Como parte del proceso de aprestamiento, se conformar\u00e1 el equipo l\u00edder de Rendici\u00f3n de Cuentas, integrado por las \u00e1reas de Planeaci\u00f3n, Prensa, Sistemas, SIAU, Docencia, Subgerencia Administrativa, Subgerencia de Atenci\u00f3n en Salud, Control Interno y Contrataci\u00f3n, quienes trabajar\u00e1n de manera articulada para garantizar un ejercicio participativo, organizado y cercano a la comunidad.<\/p>\n\n\n\n<p>Desde la gerencia del Dr. Javier Orlando Prieto Pe\u00f1a, la Rendici\u00f3n de Cuentas se consolida como un escenario de di\u00e1logo abierto con la ciudadan\u00eda, donde se presentan avances, logros, inversiones y retos, reafirmando que los recursos p\u00fablicos se administran con responsabilidad y sentido social.<\/p>\n\n\n\n<figure class=\"wp-block-gallery has-nested-images columns-default is-cropped wp-block-gallery-1 is-layout-flex wp-block-gallery-is-layout-flex\">\n<figure class=\"wp-block-image size-large\"><img loading=\"lazy\" decoding=\"async\" width=\"1024\" height=\"768\" data-id=\"115314\" src=\"https:\/\/www.imsalud.gov.co\/web\/wp-content\/uploads\/2026\/02\/IMG_8948-1-1024x768.webp\" alt=\"\" class=\"wp-image-115314\" srcset=\"https:\/\/www.imsalud.gov.co\/web\/wp-content\/uploads\/2026\/02\/IMG_8948-1-1024x768.webp 1024w, https:\/\/www.imsalud.gov.co\/web\/wp-content\/uploads\/2026\/02\/IMG_8948-1-300x225.webp 300w, https:\/\/www.imsalud.gov.co\/web\/wp-content\/uploads\/2026\/02\/IMG_8948-1-768x576.webp 768w, https:\/\/www.imsalud.gov.co\/web\/wp-content\/uploads\/2026\/02\/IMG_8948-1-1536x1152.webp 1536w, https:\/\/www.imsalud.gov.co\/web\/wp-content\/uploads\/2026\/02\/IMG_8948-1-2048x1536.webp 2048w\" sizes=\"auto, (max-width: 1024px) 100vw, 1024px\" \/><\/figure>\n<\/figure>\n","protected":false},"excerpt":{"rendered":"<p>La ESE Imsalud dio inicio al proceso de aprestamiento para la Audiencia P\u00fablica de Rendici\u00f3n de Cuentas vigencia 2025, un espacio fundamental para mostrar de manera clara y transparente el [&#8230;]\n","protected":false},"author":34,"featured_media":115316,"comment_status":"closed","ping_status":"closed","sticky":false,"template":"","format":"standard","meta":{"footnotes":""},"categories":[698,515,74],"tags":[],"class_list":["post-115313","post","type-post","status-publish","format-standard","has-post-thumbnail","hentry","category-mujeres","category-ninos","category-ultimas-noticias"],"_links":{"self":[{"href":"https:\/\/www.imsalud.gov.co\/web\/wp-json\/wp\/v2\/posts\/115313","targetHints":{"allow":["GET"]}}],"collection":[{"href":"https:\/\/www.imsalud.gov.co\/web\/wp-json\/wp\/v2\/posts"}],"about":[{"href":"https:\/\/www.imsalud.gov.co\/web\/wp-json\/wp\/v2\/types\/post"}],"author":[{"embeddable":true,"href":"https:\/\/www.imsalud.gov.co\/web\/wp-json\/wp\/v2\/users\/34"}],"replies":[{"embeddable":true,"href":"https:\/\/www.imsalud.gov.co\/web\/wp-json\/wp\/v2\/comments?post=115313"}],"version-history":[{"count":1,"href":"https:\/\/www.imsalud.gov.co\/web\/wp-json\/wp\/v2\/posts\/115313\/revisions"}],"predecessor-version":[{"id":115317,"href":"https:\/\/www.imsalud.gov.co\/web\/wp-json\/wp\/v2\/posts\/115313\/revisions\/115317"}],"wp:featuredmedia":[{"embeddable":true,"href":"https:\/\/www.imsalud.gov.co\/web\/wp-json\/wp\/v2\/media\/115316"}],"wp:attachment":[{"href":"https:\/\/www.imsalud.gov.co\/web\/wp-json\/wp\/v2\/media?parent=115313"}],"wp:term":[{"taxonomy":"category","embeddable":true,"href":"https:\/\/www.imsalud.gov.co\/web\/wp-json\/wp\/v2\/categories?post=115313"},{"taxonomy":"post_tag","embeddable":true,"href":"https:\/\/www.imsalud.gov.co\/web\/wp-json\/wp\/v2\/tags?post=115313"}],"curies":[{"name":"wp","href":"https:\/\/api.w.org\/{rel}","templated":true}]}}