{"id":115044,"date":"2026-02-03T17:48:20","date_gmt":"2026-02-03T22:48:20","guid":{"rendered":"https:\/\/www.imsalud.gov.co\/web\/?p=115044"},"modified":"2026-02-03T18:03:29","modified_gmt":"2026-02-03T23:03:29","slug":"ese-imsalud-fortalece-los-escenarios-de-practica-para-profesionales-en-formacion","status":"publish","type":"post","link":"https:\/\/www.imsalud.gov.co\/web\/sala-de-prensa\/ultimas-noticias\/ese-imsalud-fortalece-los-escenarios-de-practica-para-profesionales-en-formacion\/","title":{"rendered":"ESE Imsalud fortalece los escenarios de pr\u00e1ctica para profesionales en formaci\u00f3n"},"content":{"rendered":"\n\n\n<p>En el marco de los convenios de Docencia\u2013Servicio y en l\u00ednea con la directriz de la gerencia de fortalecer los escenarios de pr\u00e1ctica para las instituciones educativas de la ciudad y la regi\u00f3n, la ESE Imsalud, a trav\u00e9s del proceso de Docencia y Servicio, realiz\u00f3 la inducci\u00f3n institucional a 209 profesionales y auxiliares en formaci\u00f3n, correspondientes a 140 estudiantes de Medicina de sexto y s\u00e9ptimo semestre de la Universidad de Pamplona, 5 estudiantes del programa de Enfermer\u00eda de la UDES y 64 estudiantes en formaci\u00f3n como Auxiliares de Enfermer\u00eda del ITC, quienes inician su proceso acad\u00e9mico-asistencial en la entidad.<\/p>\n\n\n\n<p>Durante la jornada, la Dra. Andrea Porras, jefe de la Oficina de Administraci\u00f3n Laboral, brind\u00f3 un saludo de bienvenida, resaltando la importancia de asumir los escenarios de pr\u00e1ctica con responsabilidad, \u00e9tica y compromiso frente a la atenci\u00f3n de los usuarios y el cuidado de la imagen institucional.<\/p>\n\n\n\n<p>La inducci\u00f3n cont\u00f3 con la participaci\u00f3n de diferentes \u00e1reas de la entidad. Desde el proceso de Docencia y Servicio, se socializ\u00f3 la plataforma estrat\u00e9gica y el C\u00f3digo de Integridad, reforzando los principios institucionales que orientan el ejercicio formativo dentro de la ESE Imsalud.<\/p>\n\n\n\n<p>Por su parte, el \u00e1rea de Prensa y Comunicaciones orient\u00f3 a los profesionales en formaci\u00f3n sobre la custodia de la imagen institucional, el Manual de Marca y la importancia de la privacidad y confidencialidad en la atenci\u00f3n de los pacientes, aspectos fundamentales para la protecci\u00f3n de la imagen reputacional de la entidad.<\/p>\n\n\n\n<p>Finalmente, la coordinadora m\u00e9dica de la ESE Imsalud brind\u00f3 las directrices relacionadas con el cumplimiento de los protocolos asistenciales, garantizando una atenci\u00f3n segura, \u00e9tica y humanizada durante el desarrollo de las pr\u00e1cticas.<\/p>\n\n\n\n<p>Desde la ESE Imsalud se reafirma el compromiso con la formaci\u00f3n del talento humano en salud, consolidando escenarios de aprendizaje responsables que aportan al fortalecimiento del sistema de salud y a la calidad de la atenci\u00f3n a la comunidad.<\/p>\n\n\n\n<figure class=\"wp-block-image size-large\"><img loading=\"lazy\" decoding=\"async\" width=\"1024\" height=\"768\" src=\"https:\/\/www.imsalud.gov.co\/web\/wp-content\/uploads\/2026\/02\/d2244511-408e-40cc-b0c7-0d40ff00b95e-1024x768.jpeg\" alt=\"\" class=\"wp-image-115045\" srcset=\"https:\/\/www.imsalud.gov.co\/web\/wp-content\/uploads\/2026\/02\/d2244511-408e-40cc-b0c7-0d40ff00b95e-1024x768.jpeg 1024w, https:\/\/www.imsalud.gov.co\/web\/wp-content\/uploads\/2026\/02\/d2244511-408e-40cc-b0c7-0d40ff00b95e-300x225.jpeg 300w, https:\/\/www.imsalud.gov.co\/web\/wp-content\/uploads\/2026\/02\/d2244511-408e-40cc-b0c7-0d40ff00b95e-768x576.jpeg 768w, https:\/\/www.imsalud.gov.co\/web\/wp-content\/uploads\/2026\/02\/d2244511-408e-40cc-b0c7-0d40ff00b95e-1536x1152.jpeg 1536w, https:\/\/www.imsalud.gov.co\/web\/wp-content\/uploads\/2026\/02\/d2244511-408e-40cc-b0c7-0d40ff00b95e-2048x1536.jpeg 2048w\" sizes=\"auto, (max-width: 1024px) 100vw, 1024px\" \/><\/figure>\n","protected":false},"excerpt":{"rendered":"<p>En el marco de los convenios de Docencia\u2013Servicio y en l\u00ednea con la directriz de la gerencia de fortalecer los escenarios de pr\u00e1ctica para las instituciones educativas de la ciudad [&#8230;]\n","protected":false},"author":34,"featured_media":115048,"comment_status":"closed","ping_status":"closed","sticky":false,"template":"","format":"standard","meta":{"footnotes":""},"categories":[698,515,74],"tags":[],"class_list":["post-115044","post","type-post","status-publish","format-standard","has-post-thumbnail","hentry","category-mujeres","category-ninos","category-ultimas-noticias"],"_links":{"self":[{"href":"https:\/\/www.imsalud.gov.co\/web\/wp-json\/wp\/v2\/posts\/115044","targetHints":{"allow":["GET"]}}],"collection":[{"href":"https:\/\/www.imsalud.gov.co\/web\/wp-json\/wp\/v2\/posts"}],"about":[{"href":"https:\/\/www.imsalud.gov.co\/web\/wp-json\/wp\/v2\/types\/post"}],"author":[{"embeddable":true,"href":"https:\/\/www.imsalud.gov.co\/web\/wp-json\/wp\/v2\/users\/34"}],"replies":[{"embeddable":true,"href":"https:\/\/www.imsalud.gov.co\/web\/wp-json\/wp\/v2\/comments?post=115044"}],"version-history":[{"count":1,"href":"https:\/\/www.imsalud.gov.co\/web\/wp-json\/wp\/v2\/posts\/115044\/revisions"}],"predecessor-version":[{"id":115047,"href":"https:\/\/www.imsalud.gov.co\/web\/wp-json\/wp\/v2\/posts\/115044\/revisions\/115047"}],"wp:featuredmedia":[{"embeddable":true,"href":"https:\/\/www.imsalud.gov.co\/web\/wp-json\/wp\/v2\/media\/115048"}],"wp:attachment":[{"href":"https:\/\/www.imsalud.gov.co\/web\/wp-json\/wp\/v2\/media?parent=115044"}],"wp:term":[{"taxonomy":"category","embeddable":true,"href":"https:\/\/www.imsalud.gov.co\/web\/wp-json\/wp\/v2\/categories?post=115044"},{"taxonomy":"post_tag","embeddable":true,"href":"https:\/\/www.imsalud.gov.co\/web\/wp-json\/wp\/v2\/tags?post=115044"}],"curies":[{"name":"wp","href":"https:\/\/api.w.org\/{rel}","templated":true}]}}