{"id":114981,"date":"2026-02-02T16:37:40","date_gmt":"2026-02-02T21:37:40","guid":{"rendered":"https:\/\/www.imsalud.gov.co\/web\/?p=114981"},"modified":"2026-02-02T16:37:41","modified_gmt":"2026-02-02T21:37:41","slug":"un-legado-que-humaniza-imsalud-despide-con-gratitud-a-carla-marcucci-por-su-jubilacion","status":"publish","type":"post","link":"https:\/\/www.imsalud.gov.co\/web\/sala-de-prensa\/ultimas-noticias\/un-legado-que-humaniza-imsalud-despide-con-gratitud-a-carla-marcucci-por-su-jubilacion\/","title":{"rendered":"Un legado que humaniza: Imsalud despide con gratitud a Carla Marcucci por su jubilaci\u00f3n"},"content":{"rendered":"\n\n\n<p>En la ESE Imsalud se realiz\u00f3 la despedida institucional por jubilaci\u00f3n de Carla Marcucci, jefe y referente del proceso de humanizaci\u00f3n, quien durante seis a\u00f1os aport\u00f3 de manera significativa al fortalecimiento de una atenci\u00f3n centrada en la dignidad, el respeto y la cercan\u00eda con las personas.<\/p>\n\n\n\n<p>Este homenaje se llev\u00f3 a cabo en compa\u00f1\u00eda de compa\u00f1eros de trabajo, personas cercanas y amigos, y cont\u00f3 con la presencia del doctor Javier Orlando Prieto, gerente de la ESE Imsalud; la asesora de planeaci\u00f3n, la doctora Clara Cuadros; y la jefe de administraci\u00f3n laboral, la doctora Andrea Porras, quienes se unieron para exaltar una trayectoria marcada por el compromiso y la sensibilidad humana.<\/p>\n\n\n\n<p>Durante el acto, se hizo entrega de un pergamino de agradecimiento y exaltaci\u00f3n, como s\u00edmbolo del profundo reconocimiento institucional a una labor que trascendi\u00f3 funciones y cargos, dejando una huella imborrable en los procesos internos y, especialmente, en la relaci\u00f3n con los usuarios, pacientes y colaboradores.<\/p>\n\n\n\n<p>El Gerente de la entidad resalt\u00f3 el compromiso permanente de Carla Marcucci con la humanizaci\u00f3n de la atenci\u00f3n, destacando su vocaci\u00f3n de servicio, su calidad humana y ese gesto amable que siempre la caracteriz\u00f3: una sonrisa sincera que acompa\u00f1\u00f3 cada proceso y fortaleci\u00f3 el camino de Imsalud en el actual proceso de acreditaci\u00f3n.<\/p>\n\n\n\n<p>Hoy, Imsalud despide no solo a una jefe, sino a una mujer que sembr\u00f3 humanidad en cada espacio, que crey\u00f3 en el valor del trato digno y que convirti\u00f3 la humanizaci\u00f3n en una forma de vivir el servicio p\u00fablico en salud.<\/p>\n\n\n\n<p>Desde la ESE Imsalud, le deseamos a Carla Marcucci muchos \u00e9xitos en esta nueva etapa de su vida, con la certeza de que su legado seguir\u00e1 presente en cada acci\u00f3n, cada atenci\u00f3n y cada coraz\u00f3n que toc\u00f3.<\/p>\n\n\n\n<figure class=\"wp-block-image size-large\"><img loading=\"lazy\" decoding=\"async\" width=\"1024\" height=\"575\" src=\"https:\/\/www.imsalud.gov.co\/web\/wp-content\/uploads\/2026\/02\/IMG_8122-1024x575.webp\" alt=\"\" class=\"wp-image-114982\" srcset=\"https:\/\/www.imsalud.gov.co\/web\/wp-content\/uploads\/2026\/02\/IMG_8122-1024x575.webp 1024w, https:\/\/www.imsalud.gov.co\/web\/wp-content\/uploads\/2026\/02\/IMG_8122-300x168.webp 300w, https:\/\/www.imsalud.gov.co\/web\/wp-content\/uploads\/2026\/02\/IMG_8122-768x431.webp 768w, https:\/\/www.imsalud.gov.co\/web\/wp-content\/uploads\/2026\/02\/IMG_8122-1536x862.webp 1536w, https:\/\/www.imsalud.gov.co\/web\/wp-content\/uploads\/2026\/02\/IMG_8122-2048x1150.webp 2048w\" sizes=\"auto, (max-width: 1024px) 100vw, 1024px\" \/><\/figure>\n","protected":false},"excerpt":{"rendered":"<p>En la ESE Imsalud se realiz\u00f3 la despedida institucional por jubilaci\u00f3n de Carla Marcucci, jefe y referente del proceso de humanizaci\u00f3n, quien durante seis a\u00f1os aport\u00f3 de manera significativa al [&#8230;]\n","protected":false},"author":34,"featured_media":114983,"comment_status":"closed","ping_status":"closed","sticky":false,"template":"","format":"standard","meta":{"footnotes":""},"categories":[698,515,74],"tags":[],"class_list":["post-114981","post","type-post","status-publish","format-standard","has-post-thumbnail","hentry","category-mujeres","category-ninos","category-ultimas-noticias"],"_links":{"self":[{"href":"https:\/\/www.imsalud.gov.co\/web\/wp-json\/wp\/v2\/posts\/114981","targetHints":{"allow":["GET"]}}],"collection":[{"href":"https:\/\/www.imsalud.gov.co\/web\/wp-json\/wp\/v2\/posts"}],"about":[{"href":"https:\/\/www.imsalud.gov.co\/web\/wp-json\/wp\/v2\/types\/post"}],"author":[{"embeddable":true,"href":"https:\/\/www.imsalud.gov.co\/web\/wp-json\/wp\/v2\/users\/34"}],"replies":[{"embeddable":true,"href":"https:\/\/www.imsalud.gov.co\/web\/wp-json\/wp\/v2\/comments?post=114981"}],"version-history":[{"count":1,"href":"https:\/\/www.imsalud.gov.co\/web\/wp-json\/wp\/v2\/posts\/114981\/revisions"}],"predecessor-version":[{"id":114984,"href":"https:\/\/www.imsalud.gov.co\/web\/wp-json\/wp\/v2\/posts\/114981\/revisions\/114984"}],"wp:featuredmedia":[{"embeddable":true,"href":"https:\/\/www.imsalud.gov.co\/web\/wp-json\/wp\/v2\/media\/114983"}],"wp:attachment":[{"href":"https:\/\/www.imsalud.gov.co\/web\/wp-json\/wp\/v2\/media?parent=114981"}],"wp:term":[{"taxonomy":"category","embeddable":true,"href":"https:\/\/www.imsalud.gov.co\/web\/wp-json\/wp\/v2\/categories?post=114981"},{"taxonomy":"post_tag","embeddable":true,"href":"https:\/\/www.imsalud.gov.co\/web\/wp-json\/wp\/v2\/tags?post=114981"}],"curies":[{"name":"wp","href":"https:\/\/api.w.org\/{rel}","templated":true}]}}