{"id":114216,"date":"2025-12-26T11:28:53","date_gmt":"2025-12-26T16:28:53","guid":{"rendered":"https:\/\/www.imsalud.gov.co\/web\/?p=114216"},"modified":"2025-12-26T11:28:54","modified_gmt":"2025-12-26T16:28:54","slug":"imsalud-llevo-salud-bienestar-y-apoyo-academico-al-barrio-virgilio-barco","status":"publish","type":"post","link":"https:\/\/www.imsalud.gov.co\/web\/sala-de-prensa\/ultimas-noticias\/imsalud-llevo-salud-bienestar-y-apoyo-academico-al-barrio-virgilio-barco\/","title":{"rendered":"IMSALUD llev\u00f3 salud, bienestar y apoyo acad\u00e9mico al barrio Virgilio Barco"},"content":{"rendered":"\n\n\n<p>Hasta el barrio Virgilio Barco lleg\u00f3 la unidad m\u00f3vil de la ESE Imsalud para desarrollar una jornada integral de salud, en la que se brind\u00f3 atenci\u00f3n, orientaci\u00f3n y acompa\u00f1amiento a ni\u00f1os, ni\u00f1as y familias del sector. Este espacio permiti\u00f3 no solo acercar los servicios de salud a la comunidad, sino tambi\u00e9n generar un encuentro de escucha, cuidado y cercan\u00eda.<\/p>\n\n\n\n<p>Durante la actividad, el gerente de la entidad, Javier Orlando Prieto Pe\u00f1a, realiz\u00f3 la entrega de kits escolares a los ni\u00f1os y ni\u00f1as del barrio, una acci\u00f3n pensada como un aporte al fortalecimiento acad\u00e9mico y al proceso educativo de la ni\u00f1ez. Este gesto, adem\u00e1s de brindar herramientas \u00fatiles para su formaci\u00f3n, busc\u00f3 regalar sonrisas y momentos de alegr\u00eda en el marco de las festividades navide\u00f1as.<\/p>\n\n\n\n<p>Desde la ESE Imsalud, continuamos trabajando por una salud que va m\u00e1s all\u00e1 de la atenci\u00f3n m\u00e9dica, entendiendo que apoyar la educaci\u00f3n, la ni\u00f1ez y el desarrollo social es fundamental para construir comunidades m\u00e1s saludables, equitativas y con mayores oportunidades para el futuro.<\/p>\n\n\n\n<figure class=\"wp-block-image size-large\"><img loading=\"lazy\" decoding=\"async\" width=\"1024\" height=\"678\" src=\"https:\/\/www.imsalud.gov.co\/web\/wp-content\/uploads\/2025\/12\/IMG_6881-1024x678.webp\" alt=\"\" class=\"wp-image-114217\" srcset=\"https:\/\/www.imsalud.gov.co\/web\/wp-content\/uploads\/2025\/12\/IMG_6881-1024x678.webp 1024w, https:\/\/www.imsalud.gov.co\/web\/wp-content\/uploads\/2025\/12\/IMG_6881-300x199.webp 300w, https:\/\/www.imsalud.gov.co\/web\/wp-content\/uploads\/2025\/12\/IMG_6881-768x509.webp 768w, https:\/\/www.imsalud.gov.co\/web\/wp-content\/uploads\/2025\/12\/IMG_6881-1536x1017.webp 1536w, https:\/\/www.imsalud.gov.co\/web\/wp-content\/uploads\/2025\/12\/IMG_6881-2048x1356.webp 2048w\" sizes=\"auto, (max-width: 1024px) 100vw, 1024px\" \/><\/figure>\n","protected":false},"excerpt":{"rendered":"<p>Hasta el barrio Virgilio Barco lleg\u00f3 la unidad m\u00f3vil de la ESE Imsalud para desarrollar una jornada integral de salud, en la que se brind\u00f3 atenci\u00f3n, orientaci\u00f3n y acompa\u00f1amiento a [&#8230;]\n","protected":false},"author":34,"featured_media":114218,"comment_status":"closed","ping_status":"closed","sticky":false,"template":"","format":"standard","meta":{"footnotes":""},"categories":[698,515,74],"tags":[],"class_list":["post-114216","post","type-post","status-publish","format-standard","has-post-thumbnail","hentry","category-mujeres","category-ninos","category-ultimas-noticias"],"_links":{"self":[{"href":"https:\/\/www.imsalud.gov.co\/web\/wp-json\/wp\/v2\/posts\/114216","targetHints":{"allow":["GET"]}}],"collection":[{"href":"https:\/\/www.imsalud.gov.co\/web\/wp-json\/wp\/v2\/posts"}],"about":[{"href":"https:\/\/www.imsalud.gov.co\/web\/wp-json\/wp\/v2\/types\/post"}],"author":[{"embeddable":true,"href":"https:\/\/www.imsalud.gov.co\/web\/wp-json\/wp\/v2\/users\/34"}],"replies":[{"embeddable":true,"href":"https:\/\/www.imsalud.gov.co\/web\/wp-json\/wp\/v2\/comments?post=114216"}],"version-history":[{"count":1,"href":"https:\/\/www.imsalud.gov.co\/web\/wp-json\/wp\/v2\/posts\/114216\/revisions"}],"predecessor-version":[{"id":114219,"href":"https:\/\/www.imsalud.gov.co\/web\/wp-json\/wp\/v2\/posts\/114216\/revisions\/114219"}],"wp:featuredmedia":[{"embeddable":true,"href":"https:\/\/www.imsalud.gov.co\/web\/wp-json\/wp\/v2\/media\/114218"}],"wp:attachment":[{"href":"https:\/\/www.imsalud.gov.co\/web\/wp-json\/wp\/v2\/media?parent=114216"}],"wp:term":[{"taxonomy":"category","embeddable":true,"href":"https:\/\/www.imsalud.gov.co\/web\/wp-json\/wp\/v2\/categories?post=114216"},{"taxonomy":"post_tag","embeddable":true,"href":"https:\/\/www.imsalud.gov.co\/web\/wp-json\/wp\/v2\/tags?post=114216"}],"curies":[{"name":"wp","href":"https:\/\/api.w.org\/{rel}","templated":true}]}}