{"id":11302,"date":"2017-10-30T10:52:13","date_gmt":"2017-10-30T15:52:13","guid":{"rendered":"http:\/\/www.imsalud.gov.co\/web\/?p=11302"},"modified":"2020-09-29T09:13:40","modified_gmt":"2020-09-29T14:13:40","slug":"dia-de-los-ninos","status":"publish","type":"post","link":"https:\/\/www.imsalud.gov.co\/web\/sin-categoria\/dia-de-los-ninos\/","title":{"rendered":"D\u00eda de los ni\u00f1os"},"content":{"rendered":"<p>Para los empleados p\u00fablicos de planta de la ESE IMSALUD<\/p>\n<p>El comit\u00e9 de bienestar social\u00a0 e incentivos, tiene el gusto de invitar a todos los ni\u00f1os y ni\u00f1as menores 12 a\u00f1os hijos de los empleados para que participen en el TALLER DE LOS NI\u00d1OS, actividad que se llevar\u00e1 a cabo en el Restaurante Pikolino, el\u00a0 31 de octubre a las 3:00 p.m.<\/p>\n<p><img loading=\"lazy\" decoding=\"async\" class=\"alignnone size-medium wp-image-11311\" src=\"http:\/\/www.imsalud.gov.co\/web\/wp-content\/uploads\/2017\/10\/unnamed-1-e1509399251659-280x400.jpg\" alt=\"\" width=\"280\" height=\"400\" srcset=\"https:\/\/www.imsalud.gov.co\/web\/wp-content\/uploads\/2017\/10\/unnamed-1-e1509399251659-280x400.jpg 280w, https:\/\/www.imsalud.gov.co\/web\/wp-content\/uploads\/2017\/10\/unnamed-1-e1509399251659-559x800.jpg 559w, https:\/\/www.imsalud.gov.co\/web\/wp-content\/uploads\/2017\/10\/unnamed-1-e1509399251659.jpg 720w\" sizes=\"auto, (max-width: 280px) 100vw, 280px\" \/>\u00a0<img loading=\"lazy\" decoding=\"async\" class=\"alignnone size-medium wp-image-11314\" src=\"http:\/\/www.imsalud.gov.co\/web\/wp-content\/uploads\/2017\/10\/unnamed-3-533x400.jpg\" alt=\"\" width=\"533\" height=\"400\" srcset=\"https:\/\/www.imsalud.gov.co\/web\/wp-content\/uploads\/2017\/10\/unnamed-3-533x400.jpg 533w, https:\/\/www.imsalud.gov.co\/web\/wp-content\/uploads\/2017\/10\/unnamed-3-768x576.jpg 768w, https:\/\/www.imsalud.gov.co\/web\/wp-content\/uploads\/2017\/10\/unnamed-3.jpg 960w\" sizes=\"auto, (max-width: 533px) 100vw, 533px\" \/><\/p>\n","protected":false},"excerpt":{"rendered":"<p>Para los empleados p\u00fablicos de planta de la ESE IMSALUD El comit\u00e9 de bienestar social\u00a0 e incentivos, tiene el gusto de invitar a todos los ni\u00f1os y ni\u00f1as menores 12 [&#8230;]\n","protected":false},"author":19,"featured_media":11314,"comment_status":"open","ping_status":"open","sticky":false,"template":"","format":"standard","meta":{"footnotes":""},"categories":[515,1],"tags":[],"class_list":["post-11302","post","type-post","status-publish","format-standard","has-post-thumbnail","hentry","category-ninos","category-sin-categoria"],"_links":{"self":[{"href":"https:\/\/www.imsalud.gov.co\/web\/wp-json\/wp\/v2\/posts\/11302","targetHints":{"allow":["GET"]}}],"collection":[{"href":"https:\/\/www.imsalud.gov.co\/web\/wp-json\/wp\/v2\/posts"}],"about":[{"href":"https:\/\/www.imsalud.gov.co\/web\/wp-json\/wp\/v2\/types\/post"}],"author":[{"embeddable":true,"href":"https:\/\/www.imsalud.gov.co\/web\/wp-json\/wp\/v2\/users\/19"}],"replies":[{"embeddable":true,"href":"https:\/\/www.imsalud.gov.co\/web\/wp-json\/wp\/v2\/comments?post=11302"}],"version-history":[{"count":5,"href":"https:\/\/www.imsalud.gov.co\/web\/wp-json\/wp\/v2\/posts\/11302\/revisions"}],"predecessor-version":[{"id":11316,"href":"https:\/\/www.imsalud.gov.co\/web\/wp-json\/wp\/v2\/posts\/11302\/revisions\/11316"}],"wp:featuredmedia":[{"embeddable":true,"href":"https:\/\/www.imsalud.gov.co\/web\/wp-json\/wp\/v2\/media\/11314"}],"wp:attachment":[{"href":"https:\/\/www.imsalud.gov.co\/web\/wp-json\/wp\/v2\/media?parent=11302"}],"wp:term":[{"taxonomy":"category","embeddable":true,"href":"https:\/\/www.imsalud.gov.co\/web\/wp-json\/wp\/v2\/categories?post=11302"},{"taxonomy":"post_tag","embeddable":true,"href":"https:\/\/www.imsalud.gov.co\/web\/wp-json\/wp\/v2\/tags?post=11302"}],"curies":[{"name":"wp","href":"https:\/\/api.w.org\/{rel}","templated":true}]}}