{"id":112995,"date":"2025-12-12T16:16:27","date_gmt":"2025-12-12T21:16:27","guid":{"rendered":"https:\/\/www.imsalud.gov.co\/web\/?p=112995"},"modified":"2025-12-12T16:16:28","modified_gmt":"2025-12-12T21:16:28","slug":"imsalud-recibe-certificacion-iamii-y-completa-5-de-sus-6-ubas-certificadas-en-atencion-materno-infantil","status":"publish","type":"post","link":"https:\/\/www.imsalud.gov.co\/web\/sala-de-prensa\/ultimas-noticias\/imsalud-recibe-certificacion-iamii-y-completa-5-de-sus-6-ubas-certificadas-en-atencion-materno-infantil\/","title":{"rendered":"Imsalud recibe certificaci\u00f3n IAMII y completa 5 de sus 6 UBAS certificadas en atenci\u00f3n materno-infantil"},"content":{"rendered":"\n\n\n<p>La ESE Imsalud celebr\u00f3 un hecho trascendental para la salud materno-infantil del municipio de San Jos\u00e9 de C\u00facuta con la entrega de la certificaci\u00f3n IAMII a las Unidades B\u00e1sicas de Atenci\u00f3n de Agua Clara, Loma de Bol\u00edvar y Comuneros. Este logro consolida el avance institucional hacia una atenci\u00f3n m\u00e1s humanizada, cercana y segura para las madres, ni\u00f1os y ni\u00f1as del territorio.<\/p>\n\n\n\n<p>El acto protocolario cont\u00f3 con el acompa\u00f1amiento destacado del Dr. Juan Alberto Bitar Mej\u00eda, Director del Instituto Departamental de Salud (IDS), quien encabez\u00f3 la entrega de las certificaciones y resalt\u00f3 el trabajo articulado con la ESE para fortalecer la calidad de los servicios dirigidos a la mujer y la primera infancia. Su presencia reafirm\u00f3 el compromiso interinstitucional con la garant\u00eda de pr\u00e1cticas seguras, de alto impacto y centradas en las familias.<\/p>\n\n\n\n<p>El gerente de la ESE Imsalud, Dr. Javier Orlando Prieto Pe\u00f1a, lider\u00f3 esta jornada, destacando que estas certificaciones son el resultado de un esfuerzo sostenido por fortalecer la Ruta Materno Perinatal en todas sus etapas. Bajo su direcci\u00f3n, la entidad ha consolidado servicios clave como Pediatr\u00eda y Ginecoobstetricia y ha impulsado el programa Nacer y Crecer ConSentido, un curso profil\u00e1ctico gratuito que orienta y acompa\u00f1a a las gestantes y sus redes de apoyo durante el embarazo y el posparto. Estas iniciativas reafirman el compromiso institucional con una atenci\u00f3n digna, segura y respetuosa.<\/p>\n\n\n\n<p>La ceremonia reuni\u00f3 a un equipo multidisciplinario de profesionales y autoridades. Acompa\u00f1aron al Dr. Bitar y al Dr. Prieto la Jefe de Promoci\u00f3n y Mantenimiento de la Salud, Diana Mart\u00ednez Becerra; la profesional IAMII, Dra. Mery Santos Mari\u00f1o; el representante del \u00e1rea asistencial, Dr. Luis Hern\u00e1ndez Carrasco; el Subgerente de Servicios de Atenci\u00f3n en Salud, Dr. Vahan Suren Aboudjian Santos; y la Subgerente Administrativa y Financiera, Dra. Dalgy Brigitte Fl\u00f3rez Acevedo. Tambi\u00e9n se cont\u00f3 con la presencia de concejalas de la ciudad, funcionarias de la Gobernaci\u00f3n de Norte de Santander, representantes de la Alcald\u00eda de San Jos\u00e9 de C\u00facuta, delegados del IDS, l\u00edderes de programas institucionales, referentes IAMII, personal asistencial y administrativo, adem\u00e1s de los coordinadores de las UBAS certificadas y miembros de la Junta Directiva, quienes respaldaron este importante logro para la entidad.<\/p>\n\n\n\n<p>Durante el evento, se entregaron reconocimientos al personal de las unidades de atenci\u00f3n que ha trabajado con dedicaci\u00f3n para implementar los 10 pasos de la estrategia IAMII y garantizar una atenci\u00f3n integral y humanizada. As\u00ed mismo, se exalt\u00f3 el valioso aporte t\u00e9cnico y humano de la Dra. Mery Santos Mari\u00f1o, referente clave en el fortalecimiento de la estrategia en el municipio y en la regi\u00f3n.<\/p>\n\n\n\n<p>Con estas nuevas certificaciones, Imsalud alcanza cinco UBAS certificadas de las seis con las que cuenta, convirti\u00e9ndose en una de las entidades de primer nivel con mayor avance en la implementaci\u00f3n de la estrategia IAMII en Colombia. Este hito reafirma el liderazgo del gerente Dr. Javier Prieto Pe\u00f1a y el compromiso de todos los equipos institucionales por transformar la atenci\u00f3n, fortalecer la calidad de los servicios e impactar de manera positiva la vida de miles de familias de la zona urbana, rural y migrante del municipio de C\u00facuta.<\/p>\n\n\n\n<figure class=\"wp-block-image size-large\"><img loading=\"lazy\" decoding=\"async\" width=\"1024\" height=\"678\" src=\"https:\/\/www.imsalud.gov.co\/web\/wp-content\/uploads\/2025\/12\/82807c9a-ac5a-42fe-a83f-47933cbd09f9-1024x678.jpeg\" alt=\"\" class=\"wp-image-112996\" srcset=\"https:\/\/www.imsalud.gov.co\/web\/wp-content\/uploads\/2025\/12\/82807c9a-ac5a-42fe-a83f-47933cbd09f9-1024x678.jpeg 1024w, https:\/\/www.imsalud.gov.co\/web\/wp-content\/uploads\/2025\/12\/82807c9a-ac5a-42fe-a83f-47933cbd09f9-300x199.jpeg 300w, https:\/\/www.imsalud.gov.co\/web\/wp-content\/uploads\/2025\/12\/82807c9a-ac5a-42fe-a83f-47933cbd09f9-768x508.jpeg 768w, https:\/\/www.imsalud.gov.co\/web\/wp-content\/uploads\/2025\/12\/82807c9a-ac5a-42fe-a83f-47933cbd09f9-1536x1017.jpeg 1536w, https:\/\/www.imsalud.gov.co\/web\/wp-content\/uploads\/2025\/12\/82807c9a-ac5a-42fe-a83f-47933cbd09f9.jpeg 1600w\" sizes=\"auto, (max-width: 1024px) 100vw, 1024px\" \/><\/figure>\n","protected":false},"excerpt":{"rendered":"<p>La ESE Imsalud celebr\u00f3 un hecho trascendental para la salud materno-infantil del municipio de San Jos\u00e9 de C\u00facuta con la entrega de la certificaci\u00f3n IAMII a las Unidades B\u00e1sicas de [&#8230;]\n","protected":false},"author":34,"featured_media":112997,"comment_status":"closed","ping_status":"closed","sticky":false,"template":"","format":"standard","meta":{"footnotes":""},"categories":[698,515,74],"tags":[],"class_list":["post-112995","post","type-post","status-publish","format-standard","has-post-thumbnail","hentry","category-mujeres","category-ninos","category-ultimas-noticias"],"_links":{"self":[{"href":"https:\/\/www.imsalud.gov.co\/web\/wp-json\/wp\/v2\/posts\/112995","targetHints":{"allow":["GET"]}}],"collection":[{"href":"https:\/\/www.imsalud.gov.co\/web\/wp-json\/wp\/v2\/posts"}],"about":[{"href":"https:\/\/www.imsalud.gov.co\/web\/wp-json\/wp\/v2\/types\/post"}],"author":[{"embeddable":true,"href":"https:\/\/www.imsalud.gov.co\/web\/wp-json\/wp\/v2\/users\/34"}],"replies":[{"embeddable":true,"href":"https:\/\/www.imsalud.gov.co\/web\/wp-json\/wp\/v2\/comments?post=112995"}],"version-history":[{"count":1,"href":"https:\/\/www.imsalud.gov.co\/web\/wp-json\/wp\/v2\/posts\/112995\/revisions"}],"predecessor-version":[{"id":112998,"href":"https:\/\/www.imsalud.gov.co\/web\/wp-json\/wp\/v2\/posts\/112995\/revisions\/112998"}],"wp:featuredmedia":[{"embeddable":true,"href":"https:\/\/www.imsalud.gov.co\/web\/wp-json\/wp\/v2\/media\/112997"}],"wp:attachment":[{"href":"https:\/\/www.imsalud.gov.co\/web\/wp-json\/wp\/v2\/media?parent=112995"}],"wp:term":[{"taxonomy":"category","embeddable":true,"href":"https:\/\/www.imsalud.gov.co\/web\/wp-json\/wp\/v2\/categories?post=112995"},{"taxonomy":"post_tag","embeddable":true,"href":"https:\/\/www.imsalud.gov.co\/web\/wp-json\/wp\/v2\/tags?post=112995"}],"curies":[{"name":"wp","href":"https:\/\/api.w.org\/{rel}","templated":true}]}}