{"id":112934,"date":"2025-12-09T15:54:03","date_gmt":"2025-12-09T20:54:03","guid":{"rendered":"https:\/\/www.imsalud.gov.co\/web\/?p=112934"},"modified":"2025-12-09T15:54:05","modified_gmt":"2025-12-09T20:54:05","slug":"acreditacion-en-marcha-un-compromiso-que-une-a-toda-la-familia-imsalud","status":"publish","type":"post","link":"https:\/\/www.imsalud.gov.co\/web\/sala-de-prensa\/ultimas-noticias\/acreditacion-en-marcha-un-compromiso-que-une-a-toda-la-familia-imsalud\/","title":{"rendered":"Acreditaci\u00f3n en Marcha: Un Compromiso que Une a Toda la Familia Imsalud"},"content":{"rendered":"\n\n\n<p>En un paso firme hacia la excelencia, la ESE Imsalud llev\u00f3 a cabo el Primer Despliegue Secundario de Acreditaci\u00f3n en sus 31 IPS, 6 Unidades B\u00e1sicas, sede administrativa y archivo central. Una jornada que, m\u00e1s que un ejercicio t\u00e9cnico, se convirti\u00f3 en un espacio de encuentro, reflexi\u00f3n y fortalecimiento del compromiso institucional con la calidad en la atenci\u00f3n en salud.<\/p>\n\n\n\n<p>Bajo el liderazgo del Dr. Javier Orlando Prieto Pe\u00f1a, gerente de la ESE Imsalud, y de la Dra. Clara Yamile Cuadros Castillo, asesora de Planeaci\u00f3n y Calidad, y con la ejecuci\u00f3n a cargo de colaboradores seleccionados de cada proceso institucional, este despliegue convoc\u00f3 a 1.538 colaboradores, quienes participaron activamente en la construcci\u00f3n de una visi\u00f3n compartida sobre la acreditaci\u00f3n y su impacto en la transformaci\u00f3n del servicio.<\/p>\n\n\n\n<p>Los resultados hablan por s\u00ed solos:<\/p>\n\n\n\n<p>94.55% de los participantes (1.459 colaboradores) comprendieron y asimilaron la informaci\u00f3n presentada, evidenciando un notable avance en la autoevaluaci\u00f3n de los est\u00e1ndares de acreditaci\u00f3n, en los logros obtenidos y en la proyecci\u00f3n hacia nuevas metas.<\/p>\n\n\n\n<p>75.5% (1.164 colaboradores) afirmaron haber comprendido con mayor claridad el proceso de acreditaci\u00f3n, fortaleciendo as\u00ed el sentido de prop\u00f3sito y pertenencia con los objetivos de calidad.<\/p>\n\n\n\n<p>Este ejercicio permiti\u00f3 reafirmar la importancia de trabajar de manera articulada, de avanzar paso a paso y, sobre todo, de reconocer que la calidad no es solo un prop\u00f3sito administrativo, sino una experiencia humana que se refleja en cada atenci\u00f3n, cada proceso y cada historia de vida que pasa por nuestros servicios. Con esta actividad, Imsalud consolida un logro fundamental en su camino hacia la acreditaci\u00f3n, demostrando que cuando el conocimiento se comparte y el compromiso se fortalece, la excelencia deja de ser una meta lejana para convertirse en una realidad alcanzable.<\/p>\n\n\n\n<p>El Primer Despliegue Secundario de Acreditaci\u00f3n no solo fortaleci\u00f3 los procesos internos, sino que reafirm\u00f3 que la calidad nace del trabajo en equipo y del compromiso genuino por brindar una atenci\u00f3n m\u00e1s humana, segura y cercana. Seguimos avanzando, guiados por la convicci\u00f3n de que la excelencia se construye d\u00eda a d\u00eda, con el esfuerzo y la pasi\u00f3n de cada uno de sus colaboradores.<\/p>\n\n\n\n<p>Porque juntos, hacemos de la calidad un sello que nos identifica.<\/p>\n\n\n\n<figure class=\"wp-block-image size-large\"><img loading=\"lazy\" decoding=\"async\" width=\"1024\" height=\"678\" src=\"https:\/\/www.imsalud.gov.co\/web\/wp-content\/uploads\/2025\/12\/IMG_6207-1024x678.webp\" alt=\"\" class=\"wp-image-112935\" srcset=\"https:\/\/www.imsalud.gov.co\/web\/wp-content\/uploads\/2025\/12\/IMG_6207-1024x678.webp 1024w, https:\/\/www.imsalud.gov.co\/web\/wp-content\/uploads\/2025\/12\/IMG_6207-300x199.webp 300w, https:\/\/www.imsalud.gov.co\/web\/wp-content\/uploads\/2025\/12\/IMG_6207-768x508.webp 768w, https:\/\/www.imsalud.gov.co\/web\/wp-content\/uploads\/2025\/12\/IMG_6207-1536x1017.webp 1536w, https:\/\/www.imsalud.gov.co\/web\/wp-content\/uploads\/2025\/12\/IMG_6207.webp 1600w\" sizes=\"auto, (max-width: 1024px) 100vw, 1024px\" \/><\/figure>\n","protected":false},"excerpt":{"rendered":"<p>En un paso firme hacia la excelencia, la ESE Imsalud llev\u00f3 a cabo el Primer Despliegue Secundario de Acreditaci\u00f3n en sus 31 IPS, 6 Unidades B\u00e1sicas, sede administrativa y archivo [&#8230;]\n","protected":false},"author":34,"featured_media":112936,"comment_status":"closed","ping_status":"closed","sticky":false,"template":"","format":"standard","meta":{"footnotes":""},"categories":[698,515,74],"tags":[],"class_list":["post-112934","post","type-post","status-publish","format-standard","has-post-thumbnail","hentry","category-mujeres","category-ninos","category-ultimas-noticias"],"_links":{"self":[{"href":"https:\/\/www.imsalud.gov.co\/web\/wp-json\/wp\/v2\/posts\/112934","targetHints":{"allow":["GET"]}}],"collection":[{"href":"https:\/\/www.imsalud.gov.co\/web\/wp-json\/wp\/v2\/posts"}],"about":[{"href":"https:\/\/www.imsalud.gov.co\/web\/wp-json\/wp\/v2\/types\/post"}],"author":[{"embeddable":true,"href":"https:\/\/www.imsalud.gov.co\/web\/wp-json\/wp\/v2\/users\/34"}],"replies":[{"embeddable":true,"href":"https:\/\/www.imsalud.gov.co\/web\/wp-json\/wp\/v2\/comments?post=112934"}],"version-history":[{"count":1,"href":"https:\/\/www.imsalud.gov.co\/web\/wp-json\/wp\/v2\/posts\/112934\/revisions"}],"predecessor-version":[{"id":112937,"href":"https:\/\/www.imsalud.gov.co\/web\/wp-json\/wp\/v2\/posts\/112934\/revisions\/112937"}],"wp:featuredmedia":[{"embeddable":true,"href":"https:\/\/www.imsalud.gov.co\/web\/wp-json\/wp\/v2\/media\/112936"}],"wp:attachment":[{"href":"https:\/\/www.imsalud.gov.co\/web\/wp-json\/wp\/v2\/media?parent=112934"}],"wp:term":[{"taxonomy":"category","embeddable":true,"href":"https:\/\/www.imsalud.gov.co\/web\/wp-json\/wp\/v2\/categories?post=112934"},{"taxonomy":"post_tag","embeddable":true,"href":"https:\/\/www.imsalud.gov.co\/web\/wp-json\/wp\/v2\/tags?post=112934"}],"curies":[{"name":"wp","href":"https:\/\/api.w.org\/{rel}","templated":true}]}}