{"id":11276,"date":"2017-10-26T16:35:21","date_gmt":"2017-10-26T21:35:21","guid":{"rendered":"http:\/\/www.imsalud.gov.co\/web\/?p=11276"},"modified":"2017-10-26T17:45:49","modified_gmt":"2017-10-26T22:45:49","slug":"taller-dia-del-odontologo","status":"publish","type":"post","link":"https:\/\/www.imsalud.gov.co\/web\/sala-de-prensa\/ultimas-noticias\/taller-dia-del-odontologo\/","title":{"rendered":"Taller D\u00eda del Odont\u00f3logo"},"content":{"rendered":"<h4>El d\u00eda 26 de Octubre del presente a\u00f1o, el Comit\u00e9 de Bienestar Social e Incentivos, llev\u00f3 a cabo el \u201cTALLER DIA DEL ODONTOLOGO\u201d, evento al cual fueron invitados\u00a0todos los Odont\u00f3logos, Auxiliares \u00e1rea salud y Odontolog\u00eda de planta de la E.S.E IMSALUD.<\/h4>\n[g-gallery gid=\u00bb11279&#8243; random=\u00bb1&#8243; pagination=\u00bbstandard\u00bb]\n<h4><\/h4>\n","protected":false},"excerpt":{"rendered":"<p>El d\u00eda 26 de Octubre del presente a\u00f1o, el Comit\u00e9 de Bienestar Social e Incentivos, llev\u00f3 a cabo el \u201cTALLER DIA DEL ODONTOLOGO\u201d, evento al cual fueron invitados\u00a0todos los Odont\u00f3logos, [&#8230;]\n","protected":false},"author":19,"featured_media":11297,"comment_status":"open","ping_status":"open","sticky":false,"template":"","format":"standard","meta":{"footnotes":""},"categories":[74],"tags":[],"class_list":["post-11276","post","type-post","status-publish","format-standard","has-post-thumbnail","hentry","category-ultimas-noticias"],"_links":{"self":[{"href":"https:\/\/www.imsalud.gov.co\/web\/wp-json\/wp\/v2\/posts\/11276","targetHints":{"allow":["GET"]}}],"collection":[{"href":"https:\/\/www.imsalud.gov.co\/web\/wp-json\/wp\/v2\/posts"}],"about":[{"href":"https:\/\/www.imsalud.gov.co\/web\/wp-json\/wp\/v2\/types\/post"}],"author":[{"embeddable":true,"href":"https:\/\/www.imsalud.gov.co\/web\/wp-json\/wp\/v2\/users\/19"}],"replies":[{"embeddable":true,"href":"https:\/\/www.imsalud.gov.co\/web\/wp-json\/wp\/v2\/comments?post=11276"}],"version-history":[{"count":3,"href":"https:\/\/www.imsalud.gov.co\/web\/wp-json\/wp\/v2\/posts\/11276\/revisions"}],"predecessor-version":[{"id":11300,"href":"https:\/\/www.imsalud.gov.co\/web\/wp-json\/wp\/v2\/posts\/11276\/revisions\/11300"}],"wp:featuredmedia":[{"embeddable":true,"href":"https:\/\/www.imsalud.gov.co\/web\/wp-json\/wp\/v2\/media\/11297"}],"wp:attachment":[{"href":"https:\/\/www.imsalud.gov.co\/web\/wp-json\/wp\/v2\/media?parent=11276"}],"wp:term":[{"taxonomy":"category","embeddable":true,"href":"https:\/\/www.imsalud.gov.co\/web\/wp-json\/wp\/v2\/categories?post=11276"},{"taxonomy":"post_tag","embeddable":true,"href":"https:\/\/www.imsalud.gov.co\/web\/wp-json\/wp\/v2\/tags?post=11276"}],"curies":[{"name":"wp","href":"https:\/\/api.w.org\/{rel}","templated":true}]}}