{"id":11271,"date":"2017-10-25T07:33:22","date_gmt":"2017-10-25T12:33:22","guid":{"rendered":"http:\/\/www.imsalud.gov.co\/web\/?p=11271"},"modified":"2017-10-25T07:33:22","modified_gmt":"2017-10-25T12:33:22","slug":"dia-del-odontologo","status":"publish","type":"post","link":"https:\/\/www.imsalud.gov.co\/web\/sala-de-prensa\/ultimas-noticias\/dia-del-odontologo\/","title":{"rendered":"D\u00eda del Odont\u00f3logo"},"content":{"rendered":"<h4>El Comit\u00e9 de Bienestar Social e Incentivos, tiene el gusto de invitar a todos Odont\u00f3logos, Auxiliares \u00e1rea salud y Odontolog\u00eda de planta de la E.S.E IMSALUD, a participen en el \u00abTALLER DIA DEL ODONTOLOGO\u00bb, evento que se llevara a cabo en el Restaurante PIKOLINO, el d\u00eda jueves 26 de Octubre de 2017.<\/h4>\n<p>&nbsp;<\/p>\n<h4><a href=\"http:\/\/www.imsalud.gov.co\/web\/wp-content\/uploads\/2017\/10\/circular-dia-del-odontologo.pdf\" target=\"_blank\" rel=\"noopener\"><strong>CIRCULAR D\u00cdA DEL ODONT\u00d3LOGO<\/strong><\/a><\/h4>\n<p>&nbsp;<\/p>\n","protected":false},"excerpt":{"rendered":"<p>El Comit\u00e9 de Bienestar Social e Incentivos, tiene el gusto de invitar a todos Odont\u00f3logos, Auxiliares \u00e1rea salud y Odontolog\u00eda de planta de la E.S.E IMSALUD, a participen en el [&#8230;]\n","protected":false},"author":19,"featured_media":11272,"comment_status":"open","ping_status":"open","sticky":false,"template":"","format":"standard","meta":{"footnotes":""},"categories":[401,74],"tags":[],"class_list":["post-11271","post","type-post","status-publish","format-standard","has-post-thumbnail","hentry","category-laboral","category-ultimas-noticias"],"_links":{"self":[{"href":"https:\/\/www.imsalud.gov.co\/web\/wp-json\/wp\/v2\/posts\/11271","targetHints":{"allow":["GET"]}}],"collection":[{"href":"https:\/\/www.imsalud.gov.co\/web\/wp-json\/wp\/v2\/posts"}],"about":[{"href":"https:\/\/www.imsalud.gov.co\/web\/wp-json\/wp\/v2\/types\/post"}],"author":[{"embeddable":true,"href":"https:\/\/www.imsalud.gov.co\/web\/wp-json\/wp\/v2\/users\/19"}],"replies":[{"embeddable":true,"href":"https:\/\/www.imsalud.gov.co\/web\/wp-json\/wp\/v2\/comments?post=11271"}],"version-history":[{"count":1,"href":"https:\/\/www.imsalud.gov.co\/web\/wp-json\/wp\/v2\/posts\/11271\/revisions"}],"predecessor-version":[{"id":11274,"href":"https:\/\/www.imsalud.gov.co\/web\/wp-json\/wp\/v2\/posts\/11271\/revisions\/11274"}],"wp:featuredmedia":[{"embeddable":true,"href":"https:\/\/www.imsalud.gov.co\/web\/wp-json\/wp\/v2\/media\/11272"}],"wp:attachment":[{"href":"https:\/\/www.imsalud.gov.co\/web\/wp-json\/wp\/v2\/media?parent=11271"}],"wp:term":[{"taxonomy":"category","embeddable":true,"href":"https:\/\/www.imsalud.gov.co\/web\/wp-json\/wp\/v2\/categories?post=11271"},{"taxonomy":"post_tag","embeddable":true,"href":"https:\/\/www.imsalud.gov.co\/web\/wp-json\/wp\/v2\/tags?post=11271"}],"curies":[{"name":"wp","href":"https:\/\/api.w.org\/{rel}","templated":true}]}}