{"id":11244,"date":"2017-10-19T09:13:14","date_gmt":"2017-10-19T14:13:14","guid":{"rendered":"http:\/\/www.imsalud.gov.co\/web\/?p=11244"},"modified":"2017-10-20T08:42:36","modified_gmt":"2017-10-20T13:42:36","slug":"invitacion-taller-de-integracion","status":"publish","type":"post","link":"https:\/\/www.imsalud.gov.co\/web\/sala-de-prensa\/ultimas-noticias\/invitacion-taller-de-integracion\/","title":{"rendered":"Invitaci\u00f3n Taller de Integraci\u00f3n"},"content":{"rendered":"<p>El Comit\u00e9 de Bienestar Social de la ESE Imsalud invita al Taller de Integraci\u00f3n:<\/p>\n","protected":false},"excerpt":{"rendered":"<p>El Comit\u00e9 de Bienestar Social de la ESE Imsalud invita al Taller de Integraci\u00f3n:<\/p>\n","protected":false},"author":19,"featured_media":11248,"comment_status":"open","ping_status":"open","sticky":false,"template":"","format":"standard","meta":{"footnotes":""},"categories":[74],"tags":[],"class_list":["post-11244","post","type-post","status-publish","format-standard","has-post-thumbnail","hentry","category-ultimas-noticias"],"_links":{"self":[{"href":"https:\/\/www.imsalud.gov.co\/web\/wp-json\/wp\/v2\/posts\/11244","targetHints":{"allow":["GET"]}}],"collection":[{"href":"https:\/\/www.imsalud.gov.co\/web\/wp-json\/wp\/v2\/posts"}],"about":[{"href":"https:\/\/www.imsalud.gov.co\/web\/wp-json\/wp\/v2\/types\/post"}],"author":[{"embeddable":true,"href":"https:\/\/www.imsalud.gov.co\/web\/wp-json\/wp\/v2\/users\/19"}],"replies":[{"embeddable":true,"href":"https:\/\/www.imsalud.gov.co\/web\/wp-json\/wp\/v2\/comments?post=11244"}],"version-history":[{"count":1,"href":"https:\/\/www.imsalud.gov.co\/web\/wp-json\/wp\/v2\/posts\/11244\/revisions"}],"predecessor-version":[{"id":11246,"href":"https:\/\/www.imsalud.gov.co\/web\/wp-json\/wp\/v2\/posts\/11244\/revisions\/11246"}],"wp:featuredmedia":[{"embeddable":true,"href":"https:\/\/www.imsalud.gov.co\/web\/wp-json\/wp\/v2\/media\/11248"}],"wp:attachment":[{"href":"https:\/\/www.imsalud.gov.co\/web\/wp-json\/wp\/v2\/media?parent=11244"}],"wp:term":[{"taxonomy":"category","embeddable":true,"href":"https:\/\/www.imsalud.gov.co\/web\/wp-json\/wp\/v2\/categories?post=11244"},{"taxonomy":"post_tag","embeddable":true,"href":"https:\/\/www.imsalud.gov.co\/web\/wp-json\/wp\/v2\/tags?post=11244"}],"curies":[{"name":"wp","href":"https:\/\/api.w.org\/{rel}","templated":true}]}}